{"id":2236,"date":"2023-01-13T17:36:18","date_gmt":"2023-01-13T16:36:18","guid":{"rendered":"https:\/\/agora.xtec.cat\/ceiprivorubeo\/?p=2236"},"modified":"2023-08-23T20:10:49","modified_gmt":"2023-08-23T18:10:49","slug":"ampliacio-plantilla","status":"publish","type":"post","link":"https:\/\/agora.xtec.cat\/ceiprivorubeo\/general\/ampliacio-plantilla\/","title":{"rendered":"Ampliaci\u00f3 plantilla"},"content":{"rendered":"<p>Benvolgudes fam\u00edlies,<\/p>\n<p>Des d&#8217;aquest dilluns comptem amb una persona m\u00e9s al claustre.<\/p>\n<p>Aquest augment de plantilla respon a la mesura que ha pres el Departament d&#8217;Educaci\u00f3, fruit de l&#8217;acord amb els sindicats del sector educatiu, per a <strong>reduir una hora lectiva del personal docent<\/strong>. El total de la jornada laboral de les mestres del centre segueix sent el mateix, aix\u00ed que aquesta mesura permet que els i les mestres <strong>guanyem una hora de temps de preparaci\u00f3, gesti\u00f3, planificaci\u00f3, reunions i coordinaci\u00f3 interna i externa, entre altres<\/strong>. Un temps molt valu\u00f3s per fer funcionar millor una escola. Cal incidir que, amb aquesta mesura, els docents recuperem l&#8217;horari que ten\u00edem abans que s&#8217;iniciessin les retallades fruit de la crisi del 2008.<\/p>\n<p>Per\u00f2, cal aclarir alguns aspectes.<\/p>\n<ul>\n<li>A MIG CURS. La incorporaci\u00f3 a mig curs d&#8217;aquesta persona nova ha suposat una reorganitzaci\u00f3 dels horaris. Afortunadament, en el nostre cas, ha estat una reorganitzaci\u00f3 relativament &#8220;f\u00e0cil&#8221; de dur a terme. Per\u00f2 en altres casos, especialment a Secund\u00e0ria, est\u00e0 portant algunes dificultats de cobertura donada la diversitat d&#8217;especialistes en aquesta etapa.<\/li>\n<li>INSUFICIENT. En el cas del Rivo, com us hem comentat, hem incorporat una persona (en altres centres la dotaci\u00f3 pot haver estat diferent). Una sola persona no \u00e9s suficient per cobrir una hora no lectiva de tot el claustre, de manera que s&#8217;han hagut de deixar de fer algunes sessions amb 2 persones a l&#8217;aula (estones de suport).<\/li>\n<\/ul>\n<p>Amb aquesta informaci\u00f3 volem compartir amb les fam\u00edlies que:<\/p>\n<ul>\n<li>Qualsevol mesura que afavoreixi una millora de la tasca educativa \u00e9s molt benvinguda sempre que no vagi en detriment d&#8217;altres aspectes, com \u00e9s el cas que ens trobem aquest any.<\/li>\n<\/ul>\n<p>El Departament d&#8217;Educaci\u00f3 explica que \u00e9s el moment que Catalunya t\u00e9 m\u00e9s docents de tota la hist\u00f2ria i que la r\u00e0tio \u00e9s la m\u00e9s baixa que hi ha hagut mai (sent de 10 alumnes per docent). Si b\u00e9 \u00e9s cert que en n\u00fameros absoluts la r\u00e0tio baixa, no \u00e9s la realitat en el dia a dia de les aules.<\/p>\n<p>Per tant, nom\u00e9s ens queda dir que el cam\u00ed per seguir millorant la tasca educativa als centres encara \u00e9s llarg i requereix inversi\u00f3 per part de les institucions.<\/p>\n<p>Mentrestant, us assegurem que les professionals del Rivo hi posarem tota la motivaci\u00f3, dedicaci\u00f3, vocaci\u00f3, el treball en equip entre mestres, entre mestres i agents externs i, especialment entre mestres i fam\u00edlies, l&#8217;estima pel projecte i, per damunt de tot, l&#8217;alegria de rebre cada dia els n(v)ostres nens i nenes. Perqu\u00e8 creiem seriosament que l&#8217;educaci\u00f3 pot canviar el m\u00f3n (malgrat els impediments).<\/p>\n","protected":false},"excerpt":{"rendered":"<p>Benvolgudes fam\u00edlies,<br \/>\nDes d&#8217;aquest dilluns comptem amb una persona m\u00e9s al claustre.<br \/>\nAquest augment de plantilla respon a la mesura que ha pres el Departament d&#8217;Educaci\u00f3, fruit de l&#8217;acord amb els sindicats del sector educatiu, per a reduir una hora lectiva del personal docent. El total de&hellip;  <a href=\"https:\/\/agora.xtec.cat\/ceiprivorubeo\/general\/ampliacio-plantilla\/\" title=\"Read Ampliaci\u00f3 plantilla\">Llegeix m\u00e9s\u00bb<\/a><\/p>\n","protected":false},"author":1,"featured_media":1786,"comment_status":"open","ping_status":"closed","sticky":false,"template":"","format":"standard","meta":{"_bbp_topic_count":0,"_bbp_reply_count":0,"_bbp_total_topic_count":0,"_bbp_total_reply_count":0,"_bbp_voice_count":0,"_bbp_anonymous_reply_count":0,"_bbp_topic_count_hidden":0,"_bbp_reply_count_hidden":0,"_bbp_forum_subforum_count":0,"footnotes":""},"categories":[1,77],"tags":[],"class_list":["post-2236","post","type-post","status-publish","format-standard","has-post-thumbnail","hentry","category-general","category-informacions-publicades"],"post_mailing_queue_ids":[],"_links":{"self":[{"href":"https:\/\/agora.xtec.cat\/ceiprivorubeo\/wp-json\/wp\/v2\/posts\/2236","targetHints":{"allow":["GET"]}}],"collection":[{"href":"https:\/\/agora.xtec.cat\/ceiprivorubeo\/wp-json\/wp\/v2\/posts"}],"about":[{"href":"https:\/\/agora.xtec.cat\/ceiprivorubeo\/wp-json\/wp\/v2\/types\/post"}],"author":[{"embeddable":true,"href":"https:\/\/agora.xtec.cat\/ceiprivorubeo\/wp-json\/wp\/v2\/users\/1"}],"replies":[{"embeddable":true,"href":"https:\/\/agora.xtec.cat\/ceiprivorubeo\/wp-json\/wp\/v2\/comments?post=2236"}],"version-history":[{"count":1,"href":"https:\/\/agora.xtec.cat\/ceiprivorubeo\/wp-json\/wp\/v2\/posts\/2236\/revisions"}],"predecessor-version":[{"id":2237,"href":"https:\/\/agora.xtec.cat\/ceiprivorubeo\/wp-json\/wp\/v2\/posts\/2236\/revisions\/2237"}],"wp:featuredmedia":[{"embeddable":true,"href":"https:\/\/agora.xtec.cat\/ceiprivorubeo\/wp-json\/wp\/v2\/media\/1786"}],"wp:attachment":[{"href":"https:\/\/agora.xtec.cat\/ceiprivorubeo\/wp-json\/wp\/v2\/media?parent=2236"}],"wp:term":[{"taxonomy":"category","embeddable":true,"href":"https:\/\/agora.xtec.cat\/ceiprivorubeo\/wp-json\/wp\/v2\/categories?post=2236"},{"taxonomy":"post_tag","embeddable":true,"href":"https:\/\/agora.xtec.cat\/ceiprivorubeo\/wp-json\/wp\/v2\/tags?post=2236"}],"curies":[{"name":"wp","href":"https:\/\/api.w.org\/{rel}","templated":true}]}}