{"id":2145,"date":"2022-12-19T16:47:36","date_gmt":"2022-12-19T15:47:36","guid":{"rendered":"https:\/\/agora.xtec.cat\/ceiprivorubeo\/?p=2145"},"modified":"2022-12-19T16:47:36","modified_gmt":"2022-12-19T15:47:36","slug":"un-comiat-emotiu","status":"publish","type":"post","link":"https:\/\/agora.xtec.cat\/ceiprivorubeo\/primaria\/un-comiat-emotiu\/","title":{"rendered":"Un comiat emotiu!"},"content":{"rendered":"<p>Benvolgudes fam\u00edlies,<\/p>\n<p>Avui la Montse Cirera ha fet una festa de comiat amb els nens i nenes de tercer.<\/p>\n<p>Est\u00e0 orgullosa d&#8217;haver compartit i apr\u00e8s tantes coses dels infants i s&#8217;emporta molts aprenentatges i emocions&#8230;<\/p>\n<p>Despr\u00e9s d&#8217;una llarga traject\u00f2ria professional on ha intentat inculcar el respecte, l&#8217;amor als altres i la motivaci\u00f3 per aprendre cada dia, ens ha acomiadat amb molt d&#8217;estima i alegria.<\/p>\n<p>Ens ho hem passat molt b\u00e9 tots plegats i ha estat molt emotiu.<\/p>\n<p>Fins sempre, Montse \u263a<\/p>\n<p>&nbsp;<\/p>\n<p><a href=\"https:\/\/agora.xtec.cat\/ceiprivorubeo\/wp-content\/uploads\/usu2655\/2022\/12\/cherries-gefa3cee7a_1920.jpg\"><img loading=\"lazy\" decoding=\"async\" class=\"wp-image-2142 aligncenter\" src=\"https:\/\/agora.xtec.cat\/ceiprivorubeo\/wp-content\/uploads\/usu2655\/2022\/12\/cherries-gefa3cee7a_1920-300x200.jpg\" alt=\"\" width=\"183\" height=\"122\" srcset=\"https:\/\/agora.xtec.cat\/ceiprivorubeo\/wp-content\/uploads\/usu2655\/2022\/12\/cherries-gefa3cee7a_1920-300x200.jpg 300w, https:\/\/agora.xtec.cat\/ceiprivorubeo\/wp-content\/uploads\/usu2655\/2022\/12\/cherries-gefa3cee7a_1920-1024x683.jpg 1024w, https:\/\/agora.xtec.cat\/ceiprivorubeo\/wp-content\/uploads\/usu2655\/2022\/12\/cherries-gefa3cee7a_1920-768x512.jpg 768w, https:\/\/agora.xtec.cat\/ceiprivorubeo\/wp-content\/uploads\/usu2655\/2022\/12\/cherries-gefa3cee7a_1920-1536x1024.jpg 1536w, https:\/\/agora.xtec.cat\/ceiprivorubeo\/wp-content\/uploads\/usu2655\/2022\/12\/cherries-gefa3cee7a_1920.jpg 1920w\" sizes=\"auto, (max-width: 183px) 100vw, 183px\" \/><\/a><\/p>\n<p>&nbsp;<\/p>\n<p>&nbsp;<\/p>\n","protected":false},"excerpt":{"rendered":"<p>Benvolgudes fam\u00edlies,<br \/>\nAvui la Montse Cirera ha fet una festa de comiat amb els nens i nenes de tercer.<br \/>\nEst\u00e0 orgullosa d&#8217;haver compartit i apr\u00e8s tantes coses dels infants i s&#8217;emporta molts aprenentatges i emocions&#8230;<br \/>\nDespr\u00e9s d&#8217;una llarga traject\u00f2ria professional on ha intentat inculcar el respecte, l&#8217;amor als&hellip;  <a href=\"https:\/\/agora.xtec.cat\/ceiprivorubeo\/primaria\/un-comiat-emotiu\/\" title=\"Read Un comiat emotiu!\">Llegeix m\u00e9s\u00bb<\/a><\/p>\n","protected":false},"author":16,"featured_media":0,"comment_status":"open","ping_status":"closed","sticky":false,"template":"","format":"standard","meta":{"_bbp_topic_count":0,"_bbp_reply_count":0,"_bbp_total_topic_count":0,"_bbp_total_reply_count":0,"_bbp_voice_count":0,"_bbp_anonymous_reply_count":0,"_bbp_topic_count_hidden":0,"_bbp_reply_count_hidden":0,"_bbp_forum_subforum_count":0,"footnotes":""},"categories":[12,5],"tags":[],"class_list":["post-2145","post","type-post","status-publish","format-standard","hentry","category-4t-grans","category-primaria"],"post_mailing_queue_ids":[],"_links":{"self":[{"href":"https:\/\/agora.xtec.cat\/ceiprivorubeo\/wp-json\/wp\/v2\/posts\/2145","targetHints":{"allow":["GET"]}}],"collection":[{"href":"https:\/\/agora.xtec.cat\/ceiprivorubeo\/wp-json\/wp\/v2\/posts"}],"about":[{"href":"https:\/\/agora.xtec.cat\/ceiprivorubeo\/wp-json\/wp\/v2\/types\/post"}],"author":[{"embeddable":true,"href":"https:\/\/agora.xtec.cat\/ceiprivorubeo\/wp-json\/wp\/v2\/users\/16"}],"replies":[{"embeddable":true,"href":"https:\/\/agora.xtec.cat\/ceiprivorubeo\/wp-json\/wp\/v2\/comments?post=2145"}],"version-history":[{"count":3,"href":"https:\/\/agora.xtec.cat\/ceiprivorubeo\/wp-json\/wp\/v2\/posts\/2145\/revisions"}],"predecessor-version":[{"id":2151,"href":"https:\/\/agora.xtec.cat\/ceiprivorubeo\/wp-json\/wp\/v2\/posts\/2145\/revisions\/2151"}],"wp:attachment":[{"href":"https:\/\/agora.xtec.cat\/ceiprivorubeo\/wp-json\/wp\/v2\/media?parent=2145"}],"wp:term":[{"taxonomy":"category","embeddable":true,"href":"https:\/\/agora.xtec.cat\/ceiprivorubeo\/wp-json\/wp\/v2\/categories?post=2145"},{"taxonomy":"post_tag","embeddable":true,"href":"https:\/\/agora.xtec.cat\/ceiprivorubeo\/wp-json\/wp\/v2\/tags?post=2145"}],"curies":[{"name":"wp","href":"https:\/\/api.w.org\/{rel}","templated":true}]}}