{"id":2083,"date":"2022-12-02T13:44:58","date_gmt":"2022-12-02T12:44:58","guid":{"rendered":"https:\/\/agora.xtec.cat\/ceiprivorubeo\/?p=2083"},"modified":"2023-08-23T20:16:48","modified_gmt":"2023-08-23T18:16:48","slug":"nadal-a-lescola-informacions-diverses-i-practiques-a-tenir-en-compte","status":"publish","type":"post","link":"https:\/\/agora.xtec.cat\/ceiprivorubeo\/general\/nadal-a-lescola-informacions-diverses-i-practiques-a-tenir-en-compte\/","title":{"rendered":"Nadal a l&#8217;escola: informacions diverses i pr\u00e0ctiques a tenir en compte!"},"content":{"rendered":"<p>Hola, fam\u00edlies!<\/p>\n<p>S&#8217;acosta el final de trimestre m\u00e9s festiu del curs! Amb les festes de Nadal retornem a les tradicions de l&#8217;escola.<\/p>\n<p>Des de les tutories se us faran arribar les informacions m\u00e9s concretes de cada classe, per\u00f2 trobem interessant que conegueu qu\u00e8 passar\u00e0 a l&#8217;escola durant els dies vinents.<\/p>\n<ul>\n<li>Us recordem que el pr\u00f2xim <strong>9 de desembre l&#8217;escola estar\u00e0 tancada, <\/strong>ja que\u00a0\u00e9s un dia festiu de lliure disposici\u00f3.<\/li>\n<li>Les classes d&#8217;EI5, com ja \u00e9s tradici\u00f3, seran les <strong>responsables d&#8217;elaborar la postal de Nadal<\/strong> que fem arribar a totes les fam\u00edlies.<\/li>\n<li>El dia 5 de desembre les classes d&#8217;EI5 tindran una <strong>sortida molt especial<\/strong> al Castell de Rub\u00ed.<\/li>\n<li>El 7 de desembre les classes de grans faran la<strong> fira d&#8217;intercanvi<\/strong>. Amb aquesta activitat es promou que l&#8217;alumnat pugui fer el seu regal d&#8217;amic invisible amb alguna cosa que h\u00e0gim trobat a la mateixa fira.<\/li>\n<li>El dia 13 de desembre, les classes de 1r faran la seva <strong>expedici\u00f3 al bosc de Sant Gen\u00eds per anar a trobar el ti\u00f3<\/strong>! Esperem que el trobin!<\/li>\n<li>El mateix dia 13, les classes d&#8217;EI5 aniran a <strong>cantar Ll\u00facies<\/strong> a Sant Jordi Parc.<\/li>\n<li>El dia 16 les classes de 2n aniran a <strong>cantar nadales a la resid\u00e8ncia d&#8217;avis Conxita Valls<\/strong>.<\/li>\n<li>El dia 20 farem festa grossa,\n<ul>\n<li>Petits i mitjans farem cagar el Ti\u00f3 i tindran un berenar de Nadal!\n<ul>\n<li>Grans far\u00e0 l&#8217;amic invisible i a la tarda podran gaudir d&#8217;unes bones partides de Quinto Nadalenc, amb premis per tothom!<\/li>\n<\/ul>\n<\/li>\n<\/ul>\n<\/li>\n<li>El dia 21 de desembre farem el concert de Nadal a l&#8217;escola. <strong>Ser\u00e0 a les 11h al pati de prim\u00e0ria<\/strong> (en cas de pluja es far\u00e0 un pla B).<\/li>\n<li>Us recordem, tamb\u00e9, que el <strong>21 de desembre l&#8217;horari ser\u00e0 intensiu i que, per tant, plegarem a les 13h.<\/strong><\/li>\n<\/ul>\n<p>&nbsp;<\/p>\n","protected":false},"excerpt":{"rendered":"<p>Hola, fam\u00edlies!<br \/>\nS&#8217;acosta el final de trimestre m\u00e9s festiu del curs! Amb les festes de Nadal retornem a les tradicions de l&#8217;escola.<br \/>\nDes de les tutories se us faran arribar les informacions m\u00e9s concretes de cada classe, per\u00f2 trobem interessant que conegueu qu\u00e8 passar\u00e0 a l&#8217;escola durant&hellip;  <a href=\"https:\/\/agora.xtec.cat\/ceiprivorubeo\/general\/nadal-a-lescola-informacions-diverses-i-practiques-a-tenir-en-compte\/\" title=\"Read Nadal a l&#8217;escola: informacions diverses i pr\u00e0ctiques a tenir en compte!\">Llegeix m\u00e9s\u00bb<\/a><\/p>\n","protected":false},"author":1,"featured_media":1990,"comment_status":"open","ping_status":"closed","sticky":false,"template":"","format":"standard","meta":{"_bbp_topic_count":0,"_bbp_reply_count":0,"_bbp_total_topic_count":0,"_bbp_total_reply_count":0,"_bbp_voice_count":0,"_bbp_anonymous_reply_count":0,"_bbp_topic_count_hidden":0,"_bbp_reply_count_hidden":0,"_bbp_forum_subforum_count":0,"footnotes":""},"categories":[1,77],"tags":[],"class_list":["post-2083","post","type-post","status-publish","format-standard","has-post-thumbnail","hentry","category-general","category-informacions-publicades"],"post_mailing_queue_ids":[],"_links":{"self":[{"href":"https:\/\/agora.xtec.cat\/ceiprivorubeo\/wp-json\/wp\/v2\/posts\/2083","targetHints":{"allow":["GET"]}}],"collection":[{"href":"https:\/\/agora.xtec.cat\/ceiprivorubeo\/wp-json\/wp\/v2\/posts"}],"about":[{"href":"https:\/\/agora.xtec.cat\/ceiprivorubeo\/wp-json\/wp\/v2\/types\/post"}],"author":[{"embeddable":true,"href":"https:\/\/agora.xtec.cat\/ceiprivorubeo\/wp-json\/wp\/v2\/users\/1"}],"replies":[{"embeddable":true,"href":"https:\/\/agora.xtec.cat\/ceiprivorubeo\/wp-json\/wp\/v2\/comments?post=2083"}],"version-history":[{"count":1,"href":"https:\/\/agora.xtec.cat\/ceiprivorubeo\/wp-json\/wp\/v2\/posts\/2083\/revisions"}],"predecessor-version":[{"id":2084,"href":"https:\/\/agora.xtec.cat\/ceiprivorubeo\/wp-json\/wp\/v2\/posts\/2083\/revisions\/2084"}],"wp:featuredmedia":[{"embeddable":true,"href":"https:\/\/agora.xtec.cat\/ceiprivorubeo\/wp-json\/wp\/v2\/media\/1990"}],"wp:attachment":[{"href":"https:\/\/agora.xtec.cat\/ceiprivorubeo\/wp-json\/wp\/v2\/media?parent=2083"}],"wp:term":[{"taxonomy":"category","embeddable":true,"href":"https:\/\/agora.xtec.cat\/ceiprivorubeo\/wp-json\/wp\/v2\/categories?post=2083"},{"taxonomy":"post_tag","embeddable":true,"href":"https:\/\/agora.xtec.cat\/ceiprivorubeo\/wp-json\/wp\/v2\/tags?post=2083"}],"curies":[{"name":"wp","href":"https:\/\/api.w.org\/{rel}","templated":true}]}}