{"id":2049,"date":"2022-11-25T14:23:39","date_gmt":"2022-11-25T13:23:39","guid":{"rendered":"https:\/\/agora.xtec.cat\/ceiprivorubeo\/?p=2049"},"modified":"2023-08-23T20:11:21","modified_gmt":"2023-08-23T18:11:21","slug":"25n-dia-contra-les-violencies-masclistes","status":"publish","type":"post","link":"https:\/\/agora.xtec.cat\/ceiprivorubeo\/general\/25n-dia-contra-les-violencies-masclistes\/","title":{"rendered":"25N Dia contra les viol\u00e8ncies masclistes"},"content":{"rendered":"<p>Avui \u00e9s un dia en qu\u00e8 des de diferents \u00e0mbits de la societat es visibilitzen les viol\u00e8ncies masclistes.<\/p>\n<p>Tot i aix\u00f2, hem de tenir en compte que les viol\u00e8ncies masclistes, justament, <strong>no tenen calendari<\/strong>. Passen durant tot l&#8217;any, cada dia, en qualsevol moment.<\/p>\n<p>Per posar un exemple, ahir l&#8217;Hospital Cl\u00ednic va presentar les dades d&#8217;atenci\u00f3 a agressions sexuals dutes a terme durant el 2022. &#8220;<em>Fins a finals d&#8217;octubre,\u00a0<strong>el Cl\u00ednic ha at\u00e8s 556 v\u00edctimes<\/strong>, una mitjana de\u00a0<strong>dues al dia<\/strong>. \u00c9s\u00a0<strong>un 50% m\u00e9s que l&#8217;any passat. <\/strong>Ho atribueixen no nom\u00e9s a un\u00a0probable augment\u00a0d&#8217;aquest tipus\u00a0de delictes, sin\u00f3 tamb\u00e9 al fet que <strong>cada cop es t\u00e9 m\u00e9s clar que el primer que s&#8217;ha de fer en aquests casos \u00e9s anar a un centre sanitari especialitzat.<\/strong><\/em><\/p>\n<p><em>Les dades s\u00f3n preocupants: el perfil majoritari de les v\u00edctimes que han at\u00e8s s\u00f3n dones molt joves. La meitat t\u00e9<strong>\u00a0menys de 25 anys<\/strong>.\u00a0<strong>El 90% s\u00f3n dones<\/strong> i el 10%, homes. Els agressors s\u00f3n tots homes.&#8221; <\/em>Extret d&#8217;aquesta <a href=\"https:\/\/www.ccma.cat\/324\/dues-dones-ateses-cada-dia-al-clinic-per-agressio-sexual-un-50-mes-que-fa-un-any\/noticia\/3197987\/\">not\u00edcia de TV3<\/a> en la que podeu llegir-ne m\u00e9s detalls.<\/p>\n<p><strong><span style=\"text-decoration: underline;\">DADES PER A LA REFLEXI\u00d3 I SEGUIR TREBALLANT<\/span><\/strong><\/p>\n<p>Una data com la d&#8217;avui ens ha de servir per <strong>seguir creient en la capacitat transformadora que t\u00e9 l&#8217;educaci\u00f3<\/strong>. Del paper que tenim tots i totes, docents i fam\u00edlies, en la consecuci\u00f3 d&#8217;un canvi real.<\/p>\n<p><strong>La coeducaci\u00f3 i una bona educaci\u00f3 afectiva i sexual s\u00f3n factors preventius<\/strong>. I cal fer feina al llarg de tot l&#8217;any. Trencar amb els estereotips de g\u00e8nere en tots els vessants: el joc, la conducta, les emocions, la forma de vestir, la m\u00fasica, els llibres, les pel\u00b7l\u00edcules que agraden a la canalla&#8230;<\/p>\n<p>L&#8217;educaci\u00f3 en el respecte tamb\u00e9 \u00e9s clau. Respecte per con\u00e8ixer-nos, per conviure, per acceptar-nos i escoltar-nos.<\/p>\n<p>La can\u00e7\u00f3 que avui hem ballat a l&#8217;escola, justament ens interpela:<\/p>\n<p><em>&#8220;PENSA EN UN M\u00d3N M\u00c9S REAL<\/em><br \/>\n<em>ON ELS NENS I LES NENES S\u2019ESTIMEN IGUAL, <\/em><\/p>\n<p><em>PENSA EN UN M\u00d3N M\u00c9S BONIC,<\/em><br \/>\n<em>ON JO S\u00c9 COM ET SENTS I TU SAPS COM ESTIC&#8230;&#8221;<\/em><\/p>\n<p>Us recordem que la comissi\u00f3 de g\u00e8nere de l&#8217;AFA avui ha organitzat una activitat a les 16:30h: Signeu la pancarta contra les viol\u00e8ncies masclistes! A l&#8217;entrada del pati de prim\u00e0ria.<\/p>\n<p>Finalment, us recomanem el visionament d&#8217;un parell de v\u00eddeos que el departament d&#8217;Educaci\u00f3 ha fet per un dia com avui.<\/p>\n<p><iframe loading=\"lazy\" title=\"Visibilitzem la viol\u00e8ncia masclista en l&#039;\u00e0mbit educatiu (1&#039; 15&#039;&#039;)\" width=\"500\" height=\"281\" src=\"https:\/\/www.youtube.com\/embed\/OjSV9ofuuQI?feature=oembed\" frameborder=\"0\" allow=\"accelerometer; autoplay; clipboard-write; encrypted-media; gyroscope; picture-in-picture; web-share\" referrerpolicy=\"strict-origin-when-cross-origin\" allowfullscreen><\/iframe><\/p>\n<p>&nbsp;<\/p>\n<p>https:\/\/www.youtube.com\/watch?v=KYnmxk3JzVQ<\/p>\n<p>&nbsp;<\/p>\n","protected":false},"excerpt":{"rendered":"<p>Avui \u00e9s un dia en qu\u00e8 des de diferents \u00e0mbits de la societat es visibilitzen les viol\u00e8ncies masclistes.<br \/>\nTot i aix\u00f2, hem de tenir en compte que les viol\u00e8ncies masclistes, justament, no tenen calendari. Passen durant tot l&#8217;any, cada dia, en qualsevol moment.<br \/>\nPer posar un exemple,&hellip;  <a href=\"https:\/\/agora.xtec.cat\/ceiprivorubeo\/general\/25n-dia-contra-les-violencies-masclistes\/\" title=\"Read 25N Dia contra les viol\u00e8ncies masclistes\">Llegeix m\u00e9s\u00bb<\/a><\/p>\n","protected":false},"author":1,"featured_media":2051,"comment_status":"open","ping_status":"closed","sticky":false,"template":"","format":"standard","meta":{"_bbp_topic_count":0,"_bbp_reply_count":0,"_bbp_total_topic_count":0,"_bbp_total_reply_count":0,"_bbp_voice_count":0,"_bbp_anonymous_reply_count":0,"_bbp_topic_count_hidden":0,"_bbp_reply_count_hidden":0,"_bbp_forum_subforum_count":0,"footnotes":""},"categories":[1,77],"tags":[],"class_list":["post-2049","post","type-post","status-publish","format-standard","has-post-thumbnail","hentry","category-general","category-informacions-publicades"],"post_mailing_queue_ids":[],"_links":{"self":[{"href":"https:\/\/agora.xtec.cat\/ceiprivorubeo\/wp-json\/wp\/v2\/posts\/2049","targetHints":{"allow":["GET"]}}],"collection":[{"href":"https:\/\/agora.xtec.cat\/ceiprivorubeo\/wp-json\/wp\/v2\/posts"}],"about":[{"href":"https:\/\/agora.xtec.cat\/ceiprivorubeo\/wp-json\/wp\/v2\/types\/post"}],"author":[{"embeddable":true,"href":"https:\/\/agora.xtec.cat\/ceiprivorubeo\/wp-json\/wp\/v2\/users\/1"}],"replies":[{"embeddable":true,"href":"https:\/\/agora.xtec.cat\/ceiprivorubeo\/wp-json\/wp\/v2\/comments?post=2049"}],"version-history":[{"count":3,"href":"https:\/\/agora.xtec.cat\/ceiprivorubeo\/wp-json\/wp\/v2\/posts\/2049\/revisions"}],"predecessor-version":[{"id":2053,"href":"https:\/\/agora.xtec.cat\/ceiprivorubeo\/wp-json\/wp\/v2\/posts\/2049\/revisions\/2053"}],"wp:featuredmedia":[{"embeddable":true,"href":"https:\/\/agora.xtec.cat\/ceiprivorubeo\/wp-json\/wp\/v2\/media\/2051"}],"wp:attachment":[{"href":"https:\/\/agora.xtec.cat\/ceiprivorubeo\/wp-json\/wp\/v2\/media?parent=2049"}],"wp:term":[{"taxonomy":"category","embeddable":true,"href":"https:\/\/agora.xtec.cat\/ceiprivorubeo\/wp-json\/wp\/v2\/categories?post=2049"},{"taxonomy":"post_tag","embeddable":true,"href":"https:\/\/agora.xtec.cat\/ceiprivorubeo\/wp-json\/wp\/v2\/tags?post=2049"}],"curies":[{"name":"wp","href":"https:\/\/api.w.org\/{rel}","templated":true}]}}