{"id":2028,"date":"2022-11-25T13:13:25","date_gmt":"2022-11-25T12:13:25","guid":{"rendered":"https:\/\/agora.xtec.cat\/ceiprivorubeo\/?p=2028"},"modified":"2023-08-23T20:11:28","modified_gmt":"2023-08-23T18:11:28","slug":"setmana-de-santa-cecilia","status":"publish","type":"post","link":"https:\/\/agora.xtec.cat\/ceiprivorubeo\/general\/setmana-de-santa-cecilia\/","title":{"rendered":"Setmana de Santa Cec\u00edlia"},"content":{"rendered":"<p>El passat dimarts 22 de novembre va ser el dia de Santa Cec\u00edlia. Per aquest motiu, aquesta setmana, les classes han fet algunes activitats especials.<\/p>\n<ul>\n<li>A les classes de petits hem pogut con\u00e8ixer diferents instruments a trav\u00e9s de les fam\u00edlies.<\/li>\n<\/ul>\n<p><a href=\"https:\/\/agora.xtec.cat\/ceiprivorubeo\/wp-content\/uploads\/usu2655\/2022\/11\/IMG_20221121_151905.jpg\"><img loading=\"lazy\" decoding=\"async\" class=\"alignnone wp-image-2033\" src=\"https:\/\/agora.xtec.cat\/ceiprivorubeo\/wp-content\/uploads\/usu2655\/2022\/11\/IMG_20221121_151905-1024x767.jpg\" alt=\"\" width=\"601\" height=\"450\" srcset=\"https:\/\/agora.xtec.cat\/ceiprivorubeo\/wp-content\/uploads\/usu2655\/2022\/11\/IMG_20221121_151905-1024x767.jpg 1024w, https:\/\/agora.xtec.cat\/ceiprivorubeo\/wp-content\/uploads\/usu2655\/2022\/11\/IMG_20221121_151905-300x225.jpg 300w, https:\/\/agora.xtec.cat\/ceiprivorubeo\/wp-content\/uploads\/usu2655\/2022\/11\/IMG_20221121_151905-768x575.jpg 768w, https:\/\/agora.xtec.cat\/ceiprivorubeo\/wp-content\/uploads\/usu2655\/2022\/11\/IMG_20221121_151905-1536x1150.jpg 1536w, https:\/\/agora.xtec.cat\/ceiprivorubeo\/wp-content\/uploads\/usu2655\/2022\/11\/IMG_20221121_151905-200x150.jpg 200w, https:\/\/agora.xtec.cat\/ceiprivorubeo\/wp-content\/uploads\/usu2655\/2022\/11\/IMG_20221121_151905.jpg 1600w\" sizes=\"auto, (max-width: 601px) 100vw, 601px\" \/><\/a><\/p>\n<ul>\n<li>A les classes de mitjans hem experimentat barrejant dues arts, la musical i la pl\u00e0stica. Hem pintat amb pintura el que ens ha fet sentir la m\u00fasica. Tamb\u00e9 hem fet una sessi\u00f3 de &#8220;filo&#8221;, utilitzant la m\u00fasica com a punt de partida per la reflexi\u00f3. Hem visionat un v\u00eddeo d&#8217;un concert de l&#8217;escola de m\u00fasica de Rub\u00ed.<\/li>\n<\/ul>\n<p><a href=\"https:\/\/agora.xtec.cat\/ceiprivorubeo\/wp-content\/uploads\/usu2655\/2022\/11\/IMG_3002-scaled.jpg\"><img loading=\"lazy\" decoding=\"async\" class=\"wp-image-2031 alignnone\" src=\"https:\/\/agora.xtec.cat\/ceiprivorubeo\/wp-content\/uploads\/usu2655\/2022\/11\/IMG_3002-768x1024.jpg\" alt=\"\" width=\"518\" height=\"691\" srcset=\"https:\/\/agora.xtec.cat\/ceiprivorubeo\/wp-content\/uploads\/usu2655\/2022\/11\/IMG_3002-768x1024.jpg 768w, https:\/\/agora.xtec.cat\/ceiprivorubeo\/wp-content\/uploads\/usu2655\/2022\/11\/IMG_3002-225x300.jpg 225w, https:\/\/agora.xtec.cat\/ceiprivorubeo\/wp-content\/uploads\/usu2655\/2022\/11\/IMG_3002-1152x1536.jpg 1152w, https:\/\/agora.xtec.cat\/ceiprivorubeo\/wp-content\/uploads\/usu2655\/2022\/11\/IMG_3002-1536x2048.jpg 1536w, https:\/\/agora.xtec.cat\/ceiprivorubeo\/wp-content\/uploads\/usu2655\/2022\/11\/IMG_3002-scaled.jpg 1920w\" sizes=\"auto, (max-width: 518px) 100vw, 518px\" \/><\/a><\/p>\n<ul>\n<li>L&#8217;alumnat de grans. A les classes de 4t i 5\u00e8 s&#8217;ha fet un treball al voltant de la m\u00fasica i les emocions que ens desperta aquesta. A sis\u00e8 l&#8217;alumnat ha experimentat amb diferents estrat\u00e8gies pl\u00e0stiques, a trav\u00e9s de m\u00fasiques diferents.<\/li>\n<\/ul>\n<p>Finalment, l&#8217;alumnat de sis\u00e8 ha estat responsable de crear i ensenyar en les darreres setmanes la Flash Mob de Santa Cec\u00edlia a la resta de classes de l&#8217;escola. Aquest mat\u00ed ens hem trobat totes per ballar juntes! Hem aprofitat la coincid\u00e8ncia amb la data del 25-N, dia contra les viol\u00e8ncies masclistes, triant una can\u00e7\u00f3 de la cantata La Clika (a la que participar\u00e0 2n al 3r trimestre). Hem trobat la can\u00e7\u00f3 molt adequada per a l&#8217;ocasi\u00f3. Ben aviat podreu veure el v\u00eddeo de com hem ballat!<\/p>\n<p><iframe loading=\"lazy\" title=\"UN M\u00d3N M\u00c9S REAL Feat. Xiula, JazzWoman - LA CLIKA I AMIGUES\" width=\"500\" height=\"281\" src=\"https:\/\/www.youtube.com\/embed\/Wkc0MQUE664?feature=oembed\" frameborder=\"0\" allow=\"accelerometer; autoplay; clipboard-write; encrypted-media; gyroscope; picture-in-picture; web-share\" referrerpolicy=\"strict-origin-when-cross-origin\" allowfullscreen><\/iframe><\/p>\n","protected":false},"excerpt":{"rendered":"<p>El passat dimarts 22 de novembre va ser el dia de Santa Cec\u00edlia. Per aquest motiu, aquesta setmana, les classes han fet algunes activitats especials.<\/p>\n<ul>\n<li>A les classes de petits hem pogut con\u00e8ixer diferents instruments a trav\u00e9s de les fam\u00edlies.<\/li>\n<\/ul>\n<p><a href=\"https:\/\/agora.xtec.cat\/ceiprivorubeo\/wp-content\/uploads\/usu2655\/2022\/11\/IMG_20221121_151905.jpg\"><\/a><\/p>\n<ul>\n<li>A les classes de mitjans hem&hellip;  <a href=\"https:\/\/agora.xtec.cat\/ceiprivorubeo\/general\/setmana-de-santa-cecilia\/\" title=\"Read Setmana de Santa Cec\u00edlia\">Llegeix m\u00e9s\u00bb<\/a><br \/>\n","protected":false},"author":1,"featured_media":2033,"comment_status":"open","ping_status":"closed","sticky":false,"template":"","format":"standard","meta":{"_bbp_topic_count":0,"_bbp_reply_count":0,"_bbp_total_topic_count":0,"_bbp_total_reply_count":0,"_bbp_voice_count":0,"_bbp_anonymous_reply_count":0,"_bbp_topic_count_hidden":0,"_bbp_reply_count_hidden":0,"_bbp_forum_subforum_count":0,"footnotes":""},"categories":[1,77],"tags":[],"class_list":["post-2028","post","type-post","status-publish","format-standard","has-post-thumbnail","hentry","category-general","category-informacions-publicades"],"post_mailing_queue_ids":[],"_links":{"self":[{"href":"https:\/\/agora.xtec.cat\/ceiprivorubeo\/wp-json\/wp\/v2\/posts\/2028","targetHints":{"allow":["GET"]}}],"collection":[{"href":"https:\/\/agora.xtec.cat\/ceiprivorubeo\/wp-json\/wp\/v2\/posts"}],"about":[{"href":"https:\/\/agora.xtec.cat\/ceiprivorubeo\/wp-json\/wp\/v2\/types\/post"}],"author":[{"embeddable":true,"href":"https:\/\/agora.xtec.cat\/ceiprivorubeo\/wp-json\/wp\/v2\/users\/1"}],"replies":[{"embeddable":true,"href":"https:\/\/agora.xtec.cat\/ceiprivorubeo\/wp-json\/wp\/v2\/comments?post=2028"}],"version-history":[{"count":4,"href":"https:\/\/agora.xtec.cat\/ceiprivorubeo\/wp-json\/wp\/v2\/posts\/2028\/revisions"}],"predecessor-version":[{"id":2038,"href":"https:\/\/agora.xtec.cat\/ceiprivorubeo\/wp-json\/wp\/v2\/posts\/2028\/revisions\/2038"}],"wp:featuredmedia":[{"embeddable":true,"href":"https:\/\/agora.xtec.cat\/ceiprivorubeo\/wp-json\/wp\/v2\/media\/2033"}],"wp:attachment":[{"href":"https:\/\/agora.xtec.cat\/ceiprivorubeo\/wp-json\/wp\/v2\/media?parent=2028"}],"wp:term":[{"taxonomy":"category","embeddable":true,"href":"https:\/\/agora.xtec.cat\/ceiprivorubeo\/wp-json\/wp\/v2\/categories?post=2028"},{"taxonomy":"post_tag","embeddable":true,"href":"https:\/\/agora.xtec.cat\/ceiprivorubeo\/wp-json\/wp\/v2\/tags?post=2028"}],"curies":[{"name":"wp","href":"https:\/\/api.w.org\/{rel}","templated":true}]}}