{"id":1965,"date":"2022-11-29T14:04:28","date_gmt":"2022-11-29T13:04:28","guid":{"rendered":"https:\/\/agora.xtec.cat\/ceiprivorubeo\/?p=1965"},"modified":"2022-11-29T14:04:28","modified_gmt":"2022-11-29T13:04:28","slug":"musica-a-2n-comencem-a-treballar-la-clika","status":"publish","type":"post","link":"https:\/\/agora.xtec.cat\/ceiprivorubeo\/general\/musica-a-2n-comencem-a-treballar-la-clika\/","title":{"rendered":"M\u00fasica. A 2n comencem a treballar La Clika!"},"content":{"rendered":"<p>Hola fam\u00edlies!<\/p>\n<p>Les classes de 2n hem comen\u00e7at a descobrir La Clika a les sessions de m\u00fasica. Al mes de maig farem un concert amb altres nens i nenes de Rub\u00ed. Aquest concert es diu la Clika. Encara no ens han concretat la data. Quan la sapiguem us la farem saber perqu\u00e8 us reserveu el dia.<\/p>\n<p>La Clika \u00e9s un grup d&#8217;amics que estan ben units i unides. Cada can\u00e7\u00f3 de l&#8217;espectacle est\u00e0 relacionada amb algun dels integrants de la Clika i ens portaran a parlar d&#8217;amistat, emocions i viv\u00e8ncies que ens toquen de prop.<\/p>\n<p>A m\u00e9s, tenim un c\u00f2mic que ens ajuda a entendre millor la hist\u00f2ria de cada can\u00e7\u00f3. La setmana passada vau rebre el primer c\u00f2mic a casa. Anirem treballant els c\u00f2mics a casa o a classe amb la Patri i l&#8217;Esther a mesura que anem aprenent les can\u00e7ons.<\/p>\n<p>Ja hem comen\u00e7at treballant dues de les seves can\u00e7ons. Voleu practicar a casa?<\/p>\n<p>Recordeu que en aquesta can\u00e7\u00f3 nom\u00e9s cantem LA TORNADA i les repeticions del final! A sota del v\u00eddeo podeu llegir el c\u00f2mic!<\/p>\n<p>\u00c9s la can\u00e7\u00f3 d&#8217;en Massin i es titula: Jo vull Jugar! Aquesta can\u00e7\u00f3 parla de la necessitat que tenen els nens i nenes de jugar.<\/p>\n<p><iframe loading=\"lazy\" title=\"JO VULL JUGAR | Cantata LA CLIKA (m\u00fasica infantil catalana)\" width=\"500\" height=\"281\" src=\"https:\/\/www.youtube.com\/embed\/wTRZDvBSw1o?feature=oembed\" frameborder=\"0\" allow=\"accelerometer; autoplay; clipboard-write; encrypted-media; gyroscope; picture-in-picture; web-share\" referrerpolicy=\"strict-origin-when-cross-origin\" allowfullscreen><\/iframe><\/p>\n<p>Tamb\u00e9 hem comen\u00e7at a treballar la can\u00e7\u00f3 Un m\u00f3n m\u00e9s real. La can\u00e7\u00f3 de l&#8217;Aissatou. Aqu\u00ed cantem algunes frases. Encara l&#8217;estem aprenent! Aquesta can\u00e7\u00f3 va ser la que vam ballar tota l&#8217;escola el passat dia 25 de novembre celebrant Santa Cec\u00edlia i el dia contra les viol\u00e8ncies masclistes a la vegada! La can\u00e7\u00f3 parla de la necessitat de trencar amb els estereotips per viure en un m\u00f3n m\u00e9s just i m\u00e9s real.<\/p>\n<p>Us anirem dient les can\u00e7ons que anem incorporant perqu\u00e8 les pugueu seguir practicant a casa!<\/p>\n<p>Tamb\u00e9 podeu seguir la clika a Instagram!<\/p>\n<p><iframe loading=\"lazy\" title=\"UN MON M\u00c9S REAL | Cantata LA CLIKA (m\u00fasica infantil catalana)\" width=\"500\" height=\"281\" src=\"https:\/\/www.youtube.com\/embed\/UQYdj2HQIPE?feature=oembed\" frameborder=\"0\" allow=\"accelerometer; autoplay; clipboard-write; encrypted-media; gyroscope; picture-in-picture; web-share\" referrerpolicy=\"strict-origin-when-cross-origin\" allowfullscreen><\/iframe><\/p>\n","protected":false},"excerpt":{"rendered":"<p>Hola fam\u00edlies!<br \/>\nLes classes de 2n hem comen\u00e7at a descobrir La Clika a les sessions de m\u00fasica. Al mes de maig farem un concert amb altres nens i nenes de Rub\u00ed. Aquest concert es diu la Clika. Encara no ens han concretat la data. Quan la&hellip;  <a href=\"https:\/\/agora.xtec.cat\/ceiprivorubeo\/general\/musica-a-2n-comencem-a-treballar-la-clika\/\" title=\"Read M\u00fasica. A 2n comencem a treballar La Clika!\">Llegeix m\u00e9s\u00bb<\/a><\/p>\n","protected":false},"author":1,"featured_media":1968,"comment_status":"open","ping_status":"closed","sticky":false,"template":"","format":"standard","meta":{"_bbp_topic_count":0,"_bbp_reply_count":0,"_bbp_total_topic_count":0,"_bbp_total_reply_count":0,"_bbp_voice_count":0,"_bbp_anonymous_reply_count":0,"_bbp_topic_count_hidden":0,"_bbp_reply_count_hidden":0,"_bbp_forum_subforum_count":0,"footnotes":""},"categories":[11,1,88],"tags":[],"class_list":["post-1965","post","type-post","status-publish","format-standard","has-post-thumbnail","hentry","category-3r-mitjans","category-general","category-musica"],"post_mailing_queue_ids":[],"_links":{"self":[{"href":"https:\/\/agora.xtec.cat\/ceiprivorubeo\/wp-json\/wp\/v2\/posts\/1965","targetHints":{"allow":["GET"]}}],"collection":[{"href":"https:\/\/agora.xtec.cat\/ceiprivorubeo\/wp-json\/wp\/v2\/posts"}],"about":[{"href":"https:\/\/agora.xtec.cat\/ceiprivorubeo\/wp-json\/wp\/v2\/types\/post"}],"author":[{"embeddable":true,"href":"https:\/\/agora.xtec.cat\/ceiprivorubeo\/wp-json\/wp\/v2\/users\/1"}],"replies":[{"embeddable":true,"href":"https:\/\/agora.xtec.cat\/ceiprivorubeo\/wp-json\/wp\/v2\/comments?post=1965"}],"version-history":[{"count":2,"href":"https:\/\/agora.xtec.cat\/ceiprivorubeo\/wp-json\/wp\/v2\/posts\/1965\/revisions"}],"predecessor-version":[{"id":2057,"href":"https:\/\/agora.xtec.cat\/ceiprivorubeo\/wp-json\/wp\/v2\/posts\/1965\/revisions\/2057"}],"wp:featuredmedia":[{"embeddable":true,"href":"https:\/\/agora.xtec.cat\/ceiprivorubeo\/wp-json\/wp\/v2\/media\/1968"}],"wp:attachment":[{"href":"https:\/\/agora.xtec.cat\/ceiprivorubeo\/wp-json\/wp\/v2\/media?parent=1965"}],"wp:term":[{"taxonomy":"category","embeddable":true,"href":"https:\/\/agora.xtec.cat\/ceiprivorubeo\/wp-json\/wp\/v2\/categories?post=1965"},{"taxonomy":"post_tag","embeddable":true,"href":"https:\/\/agora.xtec.cat\/ceiprivorubeo\/wp-json\/wp\/v2\/tags?post=1965"}],"curies":[{"name":"wp","href":"https:\/\/api.w.org\/{rel}","templated":true}]}}