{"id":1962,"date":"2022-11-14T13:27:43","date_gmt":"2022-11-14T12:27:43","guid":{"rendered":"https:\/\/agora.xtec.cat\/ceiprivorubeo\/?p=1962"},"modified":"2022-11-14T13:27:43","modified_gmt":"2022-11-14T12:27:43","slug":"musica-plink-plank-plunk","status":"publish","type":"post","link":"https:\/\/agora.xtec.cat\/ceiprivorubeo\/primaria\/grans\/3r-mitjans\/musica-plink-plank-plunk\/","title":{"rendered":"M\u00fasica. Plink, Plank, Plunk"},"content":{"rendered":"<p>Durant el mes d&#8217;octubre, les classes de 2n vam comen\u00e7ar a treballar al voltant d&#8217;aquells fen\u00f2mens meteorol\u00f2gics que convenen m\u00e9s als arbres fruiters. DEspr\u00e9s d&#8217;una pluja d&#8217;idees vam tenir clar alguns d&#8217;ells i hem estat treballant al voltant de la pluja.<\/p>\n<p>D&#8217;una banda, vam fer diferents propostes d&#8217;escolta i moviment a trav\u00e9s de la pe\u00e7a Plink, Plank Plunk, de Leroy Anderson:<\/p>\n<p><iframe loading=\"lazy\" title=\"Musicograma PLINK, PLANK, PLUNK - Leroy Anderson\" width=\"500\" height=\"281\" src=\"https:\/\/www.youtube.com\/embed\/Gw8a3sJr0CU?feature=oembed\" frameborder=\"0\" allow=\"accelerometer; autoplay; clipboard-write; encrypted-media; gyroscope; picture-in-picture; web-share\" referrerpolicy=\"strict-origin-when-cross-origin\" allowfullscreen><\/iframe><\/p>\n<p>&nbsp;<\/p>\n<p>D&#8217;altra banda, vam fer pluja a la classe, simplement amb dos llapis cadascun. D&#8217;aquesta manera vam estar treballant sobre diferents elements escrits i no escrits del llenguatge musical per treballar les intensitats (fort, fluix, creixent, decreixent). En primer lloc vam dedicar un parell de sessions a experimetar amb els llapis, a dirigir-nos i escoltar-nos. Finalment, la Tati va escriure una &#8220;frase&#8221; de pluja. Els nens i nenes que tenien llapis, feien la pluja, seguint les din\u00e0mques escrites en taronja. Un altre grup de nens i nenes tenien instruments i els feien sonar quan surt un llamp a la &#8220;partitura&#8221;. La <a href=\"https:\/\/drive.google.com\/file\/d\/1vkCDQmAaNDgyycwdi5J1eg6hmq8n56T9\/view?usp=sharing\">gravaci\u00f3<\/a> no \u00e9s de molt bona qualitat, i la pluja, que a l&#8217;aula se sentia prou subtil, en aquest \u00e0udio sembla una bona pedregada! En qualsevol cas, hem gaudit interpretant i creant pluja nom\u00e9s amb dos llapis!<\/p>\n<p><a href=\"https:\/\/agora.xtec.cat\/ceiprivorubeo\/wp-content\/uploads\/usu2655\/2022\/11\/20221020_115737-scaled.jpg\"><img loading=\"lazy\" decoding=\"async\" class=\"alignnone  wp-image-1963\" src=\"https:\/\/agora.xtec.cat\/ceiprivorubeo\/wp-content\/uploads\/usu2655\/2022\/11\/20221020_115737-1024x768.jpg\" alt=\"\" width=\"743\" height=\"557\" srcset=\"https:\/\/agora.xtec.cat\/ceiprivorubeo\/wp-content\/uploads\/usu2655\/2022\/11\/20221020_115737-1024x768.jpg 1024w, https:\/\/agora.xtec.cat\/ceiprivorubeo\/wp-content\/uploads\/usu2655\/2022\/11\/20221020_115737-300x225.jpg 300w, https:\/\/agora.xtec.cat\/ceiprivorubeo\/wp-content\/uploads\/usu2655\/2022\/11\/20221020_115737-768x576.jpg 768w, https:\/\/agora.xtec.cat\/ceiprivorubeo\/wp-content\/uploads\/usu2655\/2022\/11\/20221020_115737-1536x1152.jpg 1536w, https:\/\/agora.xtec.cat\/ceiprivorubeo\/wp-content\/uploads\/usu2655\/2022\/11\/20221020_115737-2048x1536.jpg 2048w, https:\/\/agora.xtec.cat\/ceiprivorubeo\/wp-content\/uploads\/usu2655\/2022\/11\/20221020_115737-200x150.jpg 200w\" sizes=\"auto, (max-width: 743px) 100vw, 743px\" \/><\/a><\/p>\n<p>Finalment, hem estat treballant una can\u00e7\u00f3 molt divertida: Senyor Meteor\u00f2leg, que esperem poder gravar ben aviat i poder mostrar-vos-la!<\/p>\n<p>&nbsp;<\/p>\n<p>Amb l&#8217;arribada del mes de novembre, hem comen\u00e7at a descobrir el gran projecte que farem aquest curs, La CLika i a treballar la can\u00e7\u00f3 que cantarem per al concert de Nadal, per\u00f2 ja us en parlarem en un proper article!<\/p>\n<p>Fins aviat!<\/p>\n","protected":false},"excerpt":{"rendered":"<p>Durant el mes d&#8217;octubre, les classes de 2n vam comen\u00e7ar a treballar al voltant d&#8217;aquells fen\u00f2mens meteorol\u00f2gics que convenen m\u00e9s als arbres fruiters. DEspr\u00e9s d&#8217;una pluja d&#8217;idees vam tenir clar alguns d&#8217;ells i hem estat treballant al voltant de la pluja.<br \/>\nD&#8217;una banda, vam fer diferents&hellip;  <a href=\"https:\/\/agora.xtec.cat\/ceiprivorubeo\/primaria\/grans\/3r-mitjans\/musica-plink-plank-plunk\/\" title=\"Read M\u00fasica. Plink, Plank, Plunk\">Llegeix m\u00e9s\u00bb<\/a><\/p>\n","protected":false},"author":1,"featured_media":1963,"comment_status":"open","ping_status":"closed","sticky":false,"template":"","format":"standard","meta":{"_bbp_topic_count":0,"_bbp_reply_count":0,"_bbp_total_topic_count":0,"_bbp_total_reply_count":0,"_bbp_voice_count":0,"_bbp_anonymous_reply_count":0,"_bbp_topic_count_hidden":0,"_bbp_reply_count_hidden":0,"_bbp_forum_subforum_count":0,"footnotes":""},"categories":[11,88],"tags":[],"class_list":["post-1962","post","type-post","status-publish","format-standard","has-post-thumbnail","hentry","category-3r-mitjans","category-musica"],"post_mailing_queue_ids":[],"_links":{"self":[{"href":"https:\/\/agora.xtec.cat\/ceiprivorubeo\/wp-json\/wp\/v2\/posts\/1962","targetHints":{"allow":["GET"]}}],"collection":[{"href":"https:\/\/agora.xtec.cat\/ceiprivorubeo\/wp-json\/wp\/v2\/posts"}],"about":[{"href":"https:\/\/agora.xtec.cat\/ceiprivorubeo\/wp-json\/wp\/v2\/types\/post"}],"author":[{"embeddable":true,"href":"https:\/\/agora.xtec.cat\/ceiprivorubeo\/wp-json\/wp\/v2\/users\/1"}],"replies":[{"embeddable":true,"href":"https:\/\/agora.xtec.cat\/ceiprivorubeo\/wp-json\/wp\/v2\/comments?post=1962"}],"version-history":[{"count":1,"href":"https:\/\/agora.xtec.cat\/ceiprivorubeo\/wp-json\/wp\/v2\/posts\/1962\/revisions"}],"predecessor-version":[{"id":1964,"href":"https:\/\/agora.xtec.cat\/ceiprivorubeo\/wp-json\/wp\/v2\/posts\/1962\/revisions\/1964"}],"wp:featuredmedia":[{"embeddable":true,"href":"https:\/\/agora.xtec.cat\/ceiprivorubeo\/wp-json\/wp\/v2\/media\/1963"}],"wp:attachment":[{"href":"https:\/\/agora.xtec.cat\/ceiprivorubeo\/wp-json\/wp\/v2\/media?parent=1962"}],"wp:term":[{"taxonomy":"category","embeddable":true,"href":"https:\/\/agora.xtec.cat\/ceiprivorubeo\/wp-json\/wp\/v2\/categories?post=1962"},{"taxonomy":"post_tag","embeddable":true,"href":"https:\/\/agora.xtec.cat\/ceiprivorubeo\/wp-json\/wp\/v2\/tags?post=1962"}],"curies":[{"name":"wp","href":"https:\/\/api.w.org\/{rel}","templated":true}]}}