{"id":1944,"date":"2022-11-11T15:10:45","date_gmt":"2022-11-11T14:10:45","guid":{"rendered":"https:\/\/agora.xtec.cat\/ceiprivorubeo\/?p=1944"},"modified":"2023-08-23T20:12:09","modified_gmt":"2023-08-23T18:12:09","slug":"padrins-i-fillols-a-sant-genis","status":"publish","type":"post","link":"https:\/\/agora.xtec.cat\/ceiprivorubeo\/infantil\/i4\/padrins-i-fillols-a-sant-genis\/","title":{"rendered":"Padrins i fillols a Sant Gen\u00eds"},"content":{"rendered":"<p>Durant els darrers dies i la propera setmana estan tenint lloc les primeres trobades de padrins i fillols!<\/p>\n<p>A EI3, els nens i nenes coneixen el seu padr\u00ed o padrina. La parella padr\u00ed\/na-fillol\/a es mant\u00e9 des d&#8217;EI3 fins a 1r (sempre que l&#8217;alumne\/a no marxi de l&#8217;escola). Quan l&#8217;alumne\/a arriba a 3r de prim\u00e0ria, aquest es convertir\u00e0 en padr\u00ed d&#8217;un nen o nena d&#8217;EI3, i seguir\u00e0 sent el seu padr\u00ed o padrina fins arribar a 6\u00e8.<\/p>\n<p>Aix\u00ed, les parelles de padrins i fillols son aquestes:<\/p>\n<ul>\n<li>EI3-3r<\/li>\n<li>EI4-4t<\/li>\n<li>EI5-5\u00e8<\/li>\n<li>1r-6\u00e8<\/li>\n<\/ul>\n<p>Al llarg de cada curs, els padrins i fillols es van trobanten diferents activitats en les que van coneixent-se, acompanyant-se i, fins i tot, creant un vincle molt especial.<\/p>\n<p>La primera trobada del curs la fem anant les quatre calsses tots junts al bosc de Sant Gen\u00eds. Un rac\u00f3 molt important per a nosaltres ja que \u00e9s l&#8217;espai de Rub\u00e9 que tenim apadrinat com a escola. A m\u00e9s de ser el protagonista de la primera activitat de padrins i fillols, \u00e9s un espai que utilitzem recurrentment al llarg del curs, per anar a fer tallers, algunes sessions d&#8217;Educaci\u00f3 F\u00edsica, tamb\u00e9 \u00e9s la zona on els nens i nenes de 1r troben el Ti\u00f3 quan s&#8217;acosta Nadal, i anem a fer observacions d&#8217;arbres o altres elements que puguem trobar interessants, aix\u00ed com altres activitats que ens permet aquest lloc&#8230; Un espai que es converteix en recurs, una mena d&#8217;aula a l&#8217;aire lliure i que ens permet estar f\u00e0ciment en contacte amb la natura.<\/p>\n<p>Volem aprofitar aquesta not\u00edcia per compartir-vos, precisament, un v\u00eddeo que s&#8217;ha publicat darrerament sobre el Castro Rubeo, el primer castell de Rub\u00ed i l&#8217;ermita de Sant Gen\u00eds. El centre d&#8217;Estudis Rubinencs ha fet <a href=\"https:\/\/www.youtube.com\/watch?app=desktop&amp;v=g4ulJ4t85T0\">aquest v\u00eddeo<\/a>, molt interessant i detallat, del que van ser aquest castell i ermita, les funcions que complien, i la seva evoluci\u00f3 al llarg del temps. Us recomanem que el veieu ja que segurament descobrireu coses sobre la hist\u00f2ria de Rub\u00ed que possiblement no sab\u00edeu. A m\u00e9s, ens convida a la reflexi\u00f3 sobre la protecci\u00f3 del patrimoni. Com moltes de les families ja sabeu, del castell, en queden, literalment, dues pedres. I de l&#8217;ermita, encara en queden algunes restes m\u00e9s, per\u00f2 poc a poc van desapareixent.<\/p>\n<p>Esperem que ho gaudiu!<\/p>\n","protected":false},"excerpt":{"rendered":"<p>Durant els darrers dies i la propera setmana estan tenint lloc les primeres trobades de padrins i fillols!<br \/>\nA EI3, els nens i nenes coneixen el seu padr\u00ed o padrina. La parella padr\u00ed\/na-fillol\/a es mant\u00e9 des d&#8217;EI3 fins a 1r (sempre que l&#8217;alumne\/a no marxi de&hellip;  <a href=\"https:\/\/agora.xtec.cat\/ceiprivorubeo\/infantil\/i4\/padrins-i-fillols-a-sant-genis\/\" title=\"Read Padrins i fillols a Sant Gen\u00eds\">Llegeix m\u00e9s\u00bb<\/a><\/p>\n","protected":false},"author":1,"featured_media":0,"comment_status":"open","ping_status":"closed","sticky":false,"template":"","format":"standard","meta":{"_bbp_topic_count":0,"_bbp_reply_count":0,"_bbp_total_topic_count":0,"_bbp_total_reply_count":0,"_bbp_voice_count":0,"_bbp_anonymous_reply_count":0,"_bbp_topic_count_hidden":0,"_bbp_reply_count_hidden":0,"_bbp_forum_subforum_count":0,"footnotes":""},"categories":[8,9,10,11,12,13,3,77,15,14],"tags":[],"class_list":["post-1944","post","type-post","status-publish","format-standard","hentry","category-1r-mitjans","category-1r","category-2n","category-3r-mitjans","category-4t-grans","category-5e","category-i4","category-informacions-publicades","category-promocio-2014-2023","category-6e"],"post_mailing_queue_ids":[],"_links":{"self":[{"href":"https:\/\/agora.xtec.cat\/ceiprivorubeo\/wp-json\/wp\/v2\/posts\/1944","targetHints":{"allow":["GET"]}}],"collection":[{"href":"https:\/\/agora.xtec.cat\/ceiprivorubeo\/wp-json\/wp\/v2\/posts"}],"about":[{"href":"https:\/\/agora.xtec.cat\/ceiprivorubeo\/wp-json\/wp\/v2\/types\/post"}],"author":[{"embeddable":true,"href":"https:\/\/agora.xtec.cat\/ceiprivorubeo\/wp-json\/wp\/v2\/users\/1"}],"replies":[{"embeddable":true,"href":"https:\/\/agora.xtec.cat\/ceiprivorubeo\/wp-json\/wp\/v2\/comments?post=1944"}],"version-history":[{"count":1,"href":"https:\/\/agora.xtec.cat\/ceiprivorubeo\/wp-json\/wp\/v2\/posts\/1944\/revisions"}],"predecessor-version":[{"id":1946,"href":"https:\/\/agora.xtec.cat\/ceiprivorubeo\/wp-json\/wp\/v2\/posts\/1944\/revisions\/1946"}],"wp:attachment":[{"href":"https:\/\/agora.xtec.cat\/ceiprivorubeo\/wp-json\/wp\/v2\/media?parent=1944"}],"wp:term":[{"taxonomy":"category","embeddable":true,"href":"https:\/\/agora.xtec.cat\/ceiprivorubeo\/wp-json\/wp\/v2\/categories?post=1944"},{"taxonomy":"post_tag","embeddable":true,"href":"https:\/\/agora.xtec.cat\/ceiprivorubeo\/wp-json\/wp\/v2\/tags?post=1944"}],"curies":[{"name":"wp","href":"https:\/\/api.w.org\/{rel}","templated":true}]}}