{"id":1869,"date":"2022-10-28T13:38:37","date_gmt":"2022-10-28T11:38:37","guid":{"rendered":"https:\/\/agora.xtec.cat\/ceiprivorubeo\/?p=1869"},"modified":"2023-08-23T20:17:57","modified_gmt":"2023-08-23T18:17:57","slug":"refirat-amb-les-classes-de-sise","status":"publish","type":"post","link":"https:\/\/agora.xtec.cat\/ceiprivorubeo\/general\/refirat-amb-les-classes-de-sise\/","title":{"rendered":"Refira&#8217;t amb les classes de sis\u00e8"},"content":{"rendered":"<p>El proper 19 de novembre de 10:30h a 14h al centre de la ciutat torna el Refira&#8217;t, el mercat de segona m\u00e0 organitzat per l&#8217;Ajuntament dins la setmana de la prevenci\u00f3 de residus.<\/p>\n<p>L&#8217;alumnat de sis\u00e8 i les seves fam\u00edlies hi participaran per tal de comen\u00e7ar a recaptar fons per a les col\u00f2nies de fi d&#8217;etapa.<\/p>\n<p>Per aquest motiu demanen la vostra col\u00b7laboraci\u00f3 en forma de donacions d&#8217;objectes en bon estat que ja no feu servir i pot utilitzar alg\u00fa altre, com ara: roba i complements, disfresses, jocs i joguines, material per nadons i infants, eines, instruments musicals, material esportiu, parament de la llar, etc.<\/p>\n<p>La recollida de les donacions es far\u00e0 a partir del dilluns 7 de novembre i fins el 14 de novembre tots els els dies de la setmana a les 9h del mat\u00ed. Trobareu un bid\u00f3 blau a l&#8217;entrada de la pista on deixar-ho. Per la tarda a les 16.30h, nom\u00e9s els dilluns i divendres, es podran deixar tamb\u00e9 les aportacions, per tant els dies 7, 11 i el 14 de novembre \u00faltim dia.<\/p>\n<p>Moltes gr\u00e0cies!<\/p>\n","protected":false},"excerpt":{"rendered":"<p>El proper 19 de novembre de 10:30h a 14h al centre de la ciutat torna el Refira&#8217;t, el mercat de segona m\u00e0 organitzat per l&#8217;Ajuntament dins la setmana de la prevenci\u00f3 de residus.<br \/>\nL&#8217;alumnat de sis\u00e8 i les seves fam\u00edlies hi participaran per tal de comen\u00e7ar&hellip;  <a href=\"https:\/\/agora.xtec.cat\/ceiprivorubeo\/general\/refirat-amb-les-classes-de-sise\/\" title=\"Read Refira&#8217;t amb les classes de sis\u00e8\">Llegeix m\u00e9s\u00bb<\/a><\/p>\n","protected":false},"author":1,"featured_media":1870,"comment_status":"open","ping_status":"closed","sticky":false,"template":"","format":"standard","meta":{"_bbp_topic_count":0,"_bbp_reply_count":0,"_bbp_total_topic_count":0,"_bbp_total_reply_count":0,"_bbp_voice_count":0,"_bbp_anonymous_reply_count":0,"_bbp_topic_count_hidden":0,"_bbp_reply_count_hidden":0,"_bbp_forum_subforum_count":0,"footnotes":""},"categories":[1,77],"tags":[],"class_list":["post-1869","post","type-post","status-publish","format-standard","has-post-thumbnail","hentry","category-general","category-informacions-publicades"],"post_mailing_queue_ids":[],"_links":{"self":[{"href":"https:\/\/agora.xtec.cat\/ceiprivorubeo\/wp-json\/wp\/v2\/posts\/1869","targetHints":{"allow":["GET"]}}],"collection":[{"href":"https:\/\/agora.xtec.cat\/ceiprivorubeo\/wp-json\/wp\/v2\/posts"}],"about":[{"href":"https:\/\/agora.xtec.cat\/ceiprivorubeo\/wp-json\/wp\/v2\/types\/post"}],"author":[{"embeddable":true,"href":"https:\/\/agora.xtec.cat\/ceiprivorubeo\/wp-json\/wp\/v2\/users\/1"}],"replies":[{"embeddable":true,"href":"https:\/\/agora.xtec.cat\/ceiprivorubeo\/wp-json\/wp\/v2\/comments?post=1869"}],"version-history":[{"count":1,"href":"https:\/\/agora.xtec.cat\/ceiprivorubeo\/wp-json\/wp\/v2\/posts\/1869\/revisions"}],"predecessor-version":[{"id":1871,"href":"https:\/\/agora.xtec.cat\/ceiprivorubeo\/wp-json\/wp\/v2\/posts\/1869\/revisions\/1871"}],"wp:featuredmedia":[{"embeddable":true,"href":"https:\/\/agora.xtec.cat\/ceiprivorubeo\/wp-json\/wp\/v2\/media\/1870"}],"wp:attachment":[{"href":"https:\/\/agora.xtec.cat\/ceiprivorubeo\/wp-json\/wp\/v2\/media?parent=1869"}],"wp:term":[{"taxonomy":"category","embeddable":true,"href":"https:\/\/agora.xtec.cat\/ceiprivorubeo\/wp-json\/wp\/v2\/categories?post=1869"},{"taxonomy":"post_tag","embeddable":true,"href":"https:\/\/agora.xtec.cat\/ceiprivorubeo\/wp-json\/wp\/v2\/tags?post=1869"}],"curies":[{"name":"wp","href":"https:\/\/api.w.org\/{rel}","templated":true}]}}