{"id":1791,"date":"2022-10-21T14:12:04","date_gmt":"2022-10-21T12:12:04","guid":{"rendered":"https:\/\/agora.xtec.cat\/ceiprivorubeo\/?p=1791"},"modified":"2023-08-23T20:18:18","modified_gmt":"2023-08-23T18:18:18","slug":"potser-tinteressa-curs-gratuit-de-catala","status":"publish","type":"post","link":"https:\/\/agora.xtec.cat\/ceiprivorubeo\/general\/potser-tinteressa-curs-gratuit-de-catala\/","title":{"rendered":"Potser t&#8217;interessa&#8230; Curs gratu\u00eft de catal\u00e0"},"content":{"rendered":"<p>Des de l&#8217;associaci\u00f3 ASAV ens fan arribar aquesta informaci\u00f3 que pot ser d&#8217;inter\u00e8s per algunes fam\u00edlies.<\/p>\n<p>A partir del mes de novembre s&#8217;iniciar\u00e0 un curs de Catal\u00e0 gratu\u00eft.<\/p>\n<p><a href=\"https:\/\/agora.xtec.cat\/ceiprivorubeo\/wp-content\/uploads\/usu2655\/2022\/10\/CLASES-DE-CATALAN-2-copia.png\"><img loading=\"lazy\" decoding=\"async\" class=\"alignnone wp-image-1792\" src=\"https:\/\/agora.xtec.cat\/ceiprivorubeo\/wp-content\/uploads\/usu2655\/2022\/10\/CLASES-DE-CATALAN-2-copia-1024x1024.png\" alt=\"\" width=\"773\" height=\"773\" srcset=\"https:\/\/agora.xtec.cat\/ceiprivorubeo\/wp-content\/uploads\/usu2655\/2022\/10\/CLASES-DE-CATALAN-2-copia-1024x1024.png 1024w, https:\/\/agora.xtec.cat\/ceiprivorubeo\/wp-content\/uploads\/usu2655\/2022\/10\/CLASES-DE-CATALAN-2-copia-300x300.png 300w, https:\/\/agora.xtec.cat\/ceiprivorubeo\/wp-content\/uploads\/usu2655\/2022\/10\/CLASES-DE-CATALAN-2-copia-150x150.png 150w, https:\/\/agora.xtec.cat\/ceiprivorubeo\/wp-content\/uploads\/usu2655\/2022\/10\/CLASES-DE-CATALAN-2-copia-768x768.png 768w, https:\/\/agora.xtec.cat\/ceiprivorubeo\/wp-content\/uploads\/usu2655\/2022\/10\/CLASES-DE-CATALAN-2-copia.png 1080w\" sizes=\"auto, (max-width: 773px) 100vw, 773px\" \/><\/a><\/p>\n","protected":false},"excerpt":{"rendered":"<p>Des de l&#8217;associaci\u00f3 ASAV ens fan arribar aquesta informaci\u00f3 que pot ser d&#8217;inter\u00e8s per algunes fam\u00edlies.<br \/>\nA partir del mes de novembre s&#8217;iniciar\u00e0 un curs de Catal\u00e0 gratu\u00eft.<br \/>\n<a href=\"https:\/\/agora.xtec.cat\/ceiprivorubeo\/wp-content\/uploads\/usu2655\/2022\/10\/CLASES-DE-CATALAN-2-copia.png\"><\/a><\/p>\n","protected":false},"author":1,"featured_media":1792,"comment_status":"open","ping_status":"closed","sticky":false,"template":"","format":"standard","meta":{"_bbp_topic_count":0,"_bbp_reply_count":0,"_bbp_total_topic_count":0,"_bbp_total_reply_count":0,"_bbp_voice_count":0,"_bbp_anonymous_reply_count":0,"_bbp_topic_count_hidden":0,"_bbp_reply_count_hidden":0,"_bbp_forum_subforum_count":0,"footnotes":""},"categories":[1,77,86],"tags":[],"class_list":["post-1791","post","type-post","status-publish","format-standard","has-post-thumbnail","hentry","category-general","category-informacions-publicades","category-potser-tinteressa"],"post_mailing_queue_ids":[],"_links":{"self":[{"href":"https:\/\/agora.xtec.cat\/ceiprivorubeo\/wp-json\/wp\/v2\/posts\/1791","targetHints":{"allow":["GET"]}}],"collection":[{"href":"https:\/\/agora.xtec.cat\/ceiprivorubeo\/wp-json\/wp\/v2\/posts"}],"about":[{"href":"https:\/\/agora.xtec.cat\/ceiprivorubeo\/wp-json\/wp\/v2\/types\/post"}],"author":[{"embeddable":true,"href":"https:\/\/agora.xtec.cat\/ceiprivorubeo\/wp-json\/wp\/v2\/users\/1"}],"replies":[{"embeddable":true,"href":"https:\/\/agora.xtec.cat\/ceiprivorubeo\/wp-json\/wp\/v2\/comments?post=1791"}],"version-history":[{"count":1,"href":"https:\/\/agora.xtec.cat\/ceiprivorubeo\/wp-json\/wp\/v2\/posts\/1791\/revisions"}],"predecessor-version":[{"id":1793,"href":"https:\/\/agora.xtec.cat\/ceiprivorubeo\/wp-json\/wp\/v2\/posts\/1791\/revisions\/1793"}],"wp:featuredmedia":[{"embeddable":true,"href":"https:\/\/agora.xtec.cat\/ceiprivorubeo\/wp-json\/wp\/v2\/media\/1792"}],"wp:attachment":[{"href":"https:\/\/agora.xtec.cat\/ceiprivorubeo\/wp-json\/wp\/v2\/media?parent=1791"}],"wp:term":[{"taxonomy":"category","embeddable":true,"href":"https:\/\/agora.xtec.cat\/ceiprivorubeo\/wp-json\/wp\/v2\/categories?post=1791"},{"taxonomy":"post_tag","embeddable":true,"href":"https:\/\/agora.xtec.cat\/ceiprivorubeo\/wp-json\/wp\/v2\/tags?post=1791"}],"curies":[{"name":"wp","href":"https:\/\/api.w.org\/{rel}","templated":true}]}}