{"id":1775,"date":"2022-10-22T09:18:40","date_gmt":"2022-10-22T07:18:40","guid":{"rendered":"https:\/\/agora.xtec.cat\/ceiprivorubeo\/?p=1775"},"modified":"2022-10-22T09:18:40","modified_gmt":"2022-10-22T07:18:40","slug":"gaudim-de-les-matematiques","status":"publish","type":"post","link":"https:\/\/agora.xtec.cat\/ceiprivorubeo\/general\/gaudim-de-les-matematiques\/","title":{"rendered":"GAUDIM DE LES MATEM\u00c0TIQUES!"},"content":{"rendered":"<p>Benvolgudes fam\u00edlies,<\/p>\n<p>Aquest curs ensenyem i aprenem les matem\u00e0tiques amb la proposta did\u00e0ctica <strong>d&#8217;Innovamat.<\/strong><\/p>\n<p>Ho fem de manera<strong> vivencial i manipulativa<\/strong> i treballem els blocs de continguts amb metodologies diverses: &#8220;Laboratori del nombres&#8221;, &#8220;Aventures&#8221; i &#8221; App&#8221;.<\/p>\n<p>A Laboratori dels Nombres cobreix numeraci\u00f3 i c\u00e0lcul.<\/p>\n<p>A\u00a0 Aventures es cobreix els blocs ( relacions i canvi, espai i forma , mesura i estad\u00edstica i atzar).<\/p>\n<p>App \u00e9s una pr\u00e0ctica amb les tauletes sistem\u00e0tica i aut\u00f2noma on consoliden els continguts treballats durant la setmana.<\/p>\n<p>Els infants aprenen jugant des de una versi\u00f3 m\u00e9s l\u00fadica de les matem\u00e0tiques.\ud83d\ude42<\/p>\n<p>&nbsp;<\/p>\n<p><strong>\u00a0 \u00a0 \u00a0 \u00a0 \u00a0 \u00a0 <\/strong><\/p>\n<p><a href=\"https:\/\/agora.xtec.cat\/ceiprivorubeo\/wp-content\/uploads\/usu2655\/2022\/10\/20221021_101032-1.jpg\"><img loading=\"lazy\" decoding=\"async\" class=\"wp-image-1801 alignleft\" src=\"https:\/\/agora.xtec.cat\/ceiprivorubeo\/wp-content\/uploads\/usu2655\/2022\/10\/20221021_101032-1.jpg\" alt=\"\" width=\"330\" height=\"149\" \/><\/a><\/p>\n<p><strong>\u00a0 \u00a0 \u00a0 \u00a0 \u00a0<a href=\"https:\/\/agora.xtec.cat\/ceiprivorubeo\/wp-content\/uploads\/usu2655\/2022\/10\/IMG-20221020-WA0006-1.jpg\"><img loading=\"lazy\" decoding=\"async\" class=\"aligncenter wp-image-1797\" src=\"https:\/\/agora.xtec.cat\/ceiprivorubeo\/wp-content\/uploads\/usu2655\/2022\/10\/IMG-20221020-WA0006-1-225x300.jpg\" alt=\"\" width=\"170\" height=\"227\" srcset=\"https:\/\/agora.xtec.cat\/ceiprivorubeo\/wp-content\/uploads\/usu2655\/2022\/10\/IMG-20221020-WA0006-1-225x300.jpg 225w, https:\/\/agora.xtec.cat\/ceiprivorubeo\/wp-content\/uploads\/usu2655\/2022\/10\/IMG-20221020-WA0006-1.jpg 768w\" sizes=\"auto, (max-width: 170px) 100vw, 170px\" \/><\/a> \u00a0 \u00a0 \u00a0 <\/strong><\/p>\n<p><strong>\u00a0 \u00a0 \u00a0 \u00a0 \u00a0 \u00a0 \u00a0 \u00a0 \u00a0 \u00a0 \u00a0 \u00a0 CONVERSEM, JUGUEM I APRENEM!\ud83e\udd17 <\/strong><\/p>\n<p><em>\u00a0 \u00a0 \u00a0 \u00a0 \u00a0 \u00a0 \u00a0 \u00a0 \u00a0 \u00a0 \u00a0 \u00a0 \u00a0 \u00a0 \u00a0 \u00a0 \u00a0Marc i Montse<\/em><\/p>\n<p><em>\u00a0 \u00a0 \u00a0 \u00a0 \u00a0 \u00a0 \u00a0 \u00a0 \u00a0 \u00a0 \u00a0 \u00a0 \u00a0 \u00a0 \u00a0 \u00a0 \u00a0 Tutors de 3r<\/em><\/p>\n<p>&nbsp;<\/p>\n","protected":false},"excerpt":{"rendered":"<p>Benvolgudes fam\u00edlies,<br \/>\nAquest curs ensenyem i aprenem les matem\u00e0tiques amb la proposta did\u00e0ctica d&#8217;Innovamat.<br \/>\nHo fem de manera vivencial i manipulativa i treballem els blocs de continguts amb metodologies diverses: &#8220;Laboratori del nombres&#8221;, &#8220;Aventures&#8221; i &#8221; App&#8221;.<br \/>\nA Laboratori dels Nombres cobreix numeraci\u00f3 i c\u00e0lcul.<br \/>\nA\u00a0 Aventures es cobreix&hellip;  <a href=\"https:\/\/agora.xtec.cat\/ceiprivorubeo\/general\/gaudim-de-les-matematiques\/\" title=\"Read GAUDIM DE LES MATEM\u00c0TIQUES!\">Llegeix m\u00e9s\u00bb<\/a><\/p>\n","protected":false},"author":15,"featured_media":0,"comment_status":"open","ping_status":"closed","sticky":false,"template":"","format":"standard","meta":{"_bbp_topic_count":0,"_bbp_reply_count":0,"_bbp_total_topic_count":0,"_bbp_total_reply_count":0,"_bbp_voice_count":0,"_bbp_anonymous_reply_count":0,"_bbp_topic_count_hidden":0,"_bbp_reply_count_hidden":0,"_bbp_forum_subforum_count":0,"footnotes":""},"categories":[12,1],"tags":[],"class_list":["post-1775","post","type-post","status-publish","format-standard","hentry","category-4t-grans","category-general"],"post_mailing_queue_ids":[],"_links":{"self":[{"href":"https:\/\/agora.xtec.cat\/ceiprivorubeo\/wp-json\/wp\/v2\/posts\/1775","targetHints":{"allow":["GET"]}}],"collection":[{"href":"https:\/\/agora.xtec.cat\/ceiprivorubeo\/wp-json\/wp\/v2\/posts"}],"about":[{"href":"https:\/\/agora.xtec.cat\/ceiprivorubeo\/wp-json\/wp\/v2\/types\/post"}],"author":[{"embeddable":true,"href":"https:\/\/agora.xtec.cat\/ceiprivorubeo\/wp-json\/wp\/v2\/users\/15"}],"replies":[{"embeddable":true,"href":"https:\/\/agora.xtec.cat\/ceiprivorubeo\/wp-json\/wp\/v2\/comments?post=1775"}],"version-history":[{"count":3,"href":"https:\/\/agora.xtec.cat\/ceiprivorubeo\/wp-json\/wp\/v2\/posts\/1775\/revisions"}],"predecessor-version":[{"id":1806,"href":"https:\/\/agora.xtec.cat\/ceiprivorubeo\/wp-json\/wp\/v2\/posts\/1775\/revisions\/1806"}],"wp:attachment":[{"href":"https:\/\/agora.xtec.cat\/ceiprivorubeo\/wp-json\/wp\/v2\/media?parent=1775"}],"wp:term":[{"taxonomy":"category","embeddable":true,"href":"https:\/\/agora.xtec.cat\/ceiprivorubeo\/wp-json\/wp\/v2\/categories?post=1775"},{"taxonomy":"post_tag","embeddable":true,"href":"https:\/\/agora.xtec.cat\/ceiprivorubeo\/wp-json\/wp\/v2\/tags?post=1775"}],"curies":[{"name":"wp","href":"https:\/\/api.w.org\/{rel}","templated":true}]}}