{"id":1764,"date":"2022-11-18T09:00:03","date_gmt":"2022-11-18T08:00:03","guid":{"rendered":"https:\/\/agora.xtec.cat\/ceiprivorubeo\/?p=1764"},"modified":"2023-08-23T20:12:01","modified_gmt":"2023-08-23T18:12:01","slug":"assemblea-general-2022-2023","status":"publish","type":"post","link":"https:\/\/agora.xtec.cat\/ceiprivorubeo\/afa\/assemblea-general-2022-2023\/","title":{"rendered":"Assemblea General de l&#8217;AFA 2022-2023"},"content":{"rendered":"<h3><strong>*<img decoding=\"async\" class=\"CToWUd\" src=\"https:\/\/ci6.googleusercontent.com\/proxy\/jCcLXl4NxK98cf1vlPPtXNl3fDT9YvTqi1AqIhftaE6_RIs0BtUImuNSwA40hbpdbBPQubwFi_pRHzsaw7mRKoCggMgkuSzFB7zz0AGB=s0-d-e1-ft#https:\/\/fonts.gstatic.com\/s\/e\/notoemoji\/13.1.1\/1f50a\/32.png\" alt=\"\ud83d\udd0a\" aria-label=\"\ud83d\udd0a\" data-bit=\"iit\" \/>ASSEMBLEA\u00a0GENERAL\u00a0DE\u00a0S\u00d2CIES\u00a0<wbr \/>DE L&#8217;AFA 2022-2023<\/strong><\/h3>\n<p>24 de NOVEMBRE de 18 a 19h<br \/>\nReuni\u00f3 on-line:\u00a0<a href=\"https:\/\/rivorubeo.us5.list-manage.com\/track\/click?u=23c98d4159cf6b8514c5a9ad3&amp;id=ec4daebd05&amp;e=881f73c661\" target=\"_blank\" rel=\"noopener\" data-saferedirecturl=\"https:\/\/www.google.com\/url?q=https:\/\/rivorubeo.us5.list-manage.com\/track\/click?u%3D23c98d4159cf6b8514c5a9ad3%26id%3Dec4daebd05%26e%3D881f73c661&amp;source=gmail&amp;ust=1666124563346000&amp;usg=AOvVaw2DG1HfNxgoa9Zs8btj9dds\">https:\/\/meet.google.<wbr \/>com\/kvr-miva-bkr<\/a><\/p>\n<p><img decoding=\"async\" class=\"CToWUd\" src=\"https:\/\/ci6.googleusercontent.com\/proxy\/KpP88paxreYPfNaKRT8-MEzdcrgbv6v9csLIbJkgvIiTNkeB9C7UlrARPmzzDX0OjnSbgxPghkKFV_v-EW8hO7ZP2KDUqhR7AYQ8Zll2HbbAHxSwmOVLN8E_IYxq=s0-d-e1-ft#https:\/\/fonts.gstatic.com\/s\/e\/notoemoji\/13.1.1\/1f64b_200d_2642_fe0f\/32.png\" alt=\"\ud83d\ude4b\u200d\u2642\ufe0f\" aria-label=\"\ud83d\ude4b\u200d\u2642\ufe0f\" data-bit=\"iit\" \/>\u00a0Aquesta reuni\u00f3 anual serveix per fer valoraci\u00f3 de les accions fetes durant el curs anterior, tancar el balan\u00e7 econ\u00f2mic i pactar tant els objectius i accions del nou any, com en decidir com prioritzarem les despeses del nou any.<\/p>\n<p>Per aquest motiu creiem important que hi participeu.<\/p>\n<h4><strong>L&#8217;ordre del dia \u00e9s el seg\u00fcent:<\/strong><\/h4>\n<p>Temes de l&#8217;assemblea:<br \/>\n1. Aprovaci\u00f3 de l&#8217;acta de l&#8217;anterior assemblea.<br \/>\n2. Mem\u00f2ria d&#8217;activitats i balan\u00e7 econ\u00f2mic del curs 2021\/22.<br \/>\n3. Aprovaci\u00f3 de programa d&#8217;accions i pressupost del curs 2022\/23.<br \/>\n4. Propostes, precs i preguntes.<\/p>\n<p><img decoding=\"async\" class=\"CToWUd\" src=\"https:\/\/ci4.googleusercontent.com\/proxy\/RrYZnzxxScVPr86Wm0yObPZkk211Tn4mu84aiLnUVMCDkNLBtsV0oRB66d8XI--Uu61872nlg9WoqVCv2TyIfClD_r6RWLSQoWOX1me6FNTaEb-KOjE-yO85RDrC=s0-d-e1-ft#https:\/\/fonts.gstatic.com\/s\/e\/notoemoji\/13.1.1\/1f64b_200d_2640_fe0f\/32.png\" alt=\"\ud83d\ude4b\u200d\u2640\ufe0f\" aria-label=\"\ud83d\ude4b\u200d\u2640\ufe0f\" data-bit=\"iit\" \/> Instruccions:<\/p>\n<ol>\n<li>A difer\u00e8ncia d&#8217;anys anteriors, es comen\u00e7ar\u00e0 votant els punts 1 i 2 de l&#8217;ordre del dia. Aix\u00f2 agilitzar\u00e0 considerablement l&#8217;assemblea i permetr\u00e0 entrar amb m\u00e9s detall en les propostes de cada comissi\u00f3. Per tant, demanem repassar la mem\u00f2ria de les accions realitzades i l&#8217;acta de l&#8217;assemblea anterior.<br \/>\nUs podeu descarregar aqu\u00ed:<br \/>\n&#8211; La mem\u00f2ria amb les accions realitzades: <a href=\"https:\/\/docs.google.com\/presentation\/d\/1JAHcKZU6ALH_m3-dyNUAr3kLSiTBjGYe\/edit?usp=sharing&amp;ouid=111977358837722933261&amp;rtpof=true&amp;sd=true\">Mem\u00f2ria 2021<\/a><br \/>\n&#8211; L&#8217;acta de la passada assemblea general:\u00a0<a href=\"https:\/\/agora.xtec.cat\/ceiprivorubeo\/portada\/assemblea-general-2022-2023\/attachment\/assemblea-afa-29_9_21\/\" rel=\"attachment wp-att-1884\">ASSEMBLEA AFA 29_9_21<\/a><\/li>\n<li>Presid\u00e8ncia i comissions aniran repassant les accions previstes per a aquest curs i el pressupost per al curs 2022\/2023.<\/li>\n<li>Es procedir\u00e0 a votar el punt n\u00famero 3 de l&#8217;ordre del dia.<\/li>\n<li>Acabada l&#8217;exposici\u00f3 d&#8217;accions previstes i pressupostos, passarem al torn de propostes, precs i preguntes. En aquest punt qualsevol soci de l&#8217;Afa pot formular qualsevol proposta i\/o pregunta.<\/li>\n<\/ol>\n<p>&nbsp;<\/p>\n<p><img decoding=\"async\" class=\"CToWUd\" src=\"https:\/\/ci6.googleusercontent.com\/proxy\/Kqv13cmV9Jhf7J9M8b4mGB0yEC8IB0XNu-7_E6kKsj3mzqkL3pR62LzrvLCPcZ0F9NwaSGADwsHB8RbSfnJa9tQDi1vPmLADUPRTRqc=s0-d-e1-ft#https:\/\/fonts.gstatic.com\/s\/e\/notoemoji\/13.1.1\/2795\/32.png\" alt=\"\u2795\" aria-label=\"\u2795\" data-bit=\"iit\" \/><img decoding=\"async\" class=\"CToWUd\" src=\"https:\/\/ci6.googleusercontent.com\/proxy\/4JPlA6WF5D2UAq_x-l1ZtMRKkOomm3c5ZmBtJT41D64aQa14ulfkqQ4k5WHM0fxen0vcvUtrbNiMWg21N_t7ZUpru7sQb9DlUwskgj0r=s0-d-e1-ft#https:\/\/fonts.gstatic.com\/s\/e\/notoemoji\/13.1.1\/1f603\/32.png\" alt=\"\ud83d\ude03\" aria-label=\"\ud83d\ude03\" data-bit=\"iit\" \/>\u00a0Hi ha comissions que necessiten un refor\u00e7. Aquells\/es que vulgueu donar un cop de m\u00e0, ho podeu comunicar el dia de l&#8217;assemblea\u00a0o enviar-nos un correu a\u00a0<a href=\"mailto:afa@rivorubeo.cat\" target=\"_blank\" rel=\"noopener\">afa@rivorubeo.cat<\/a>.<\/p>\n<p><img decoding=\"async\" class=\"CToWUd\" src=\"https:\/\/ci4.googleusercontent.com\/proxy\/7pqe8t6YXtvSew7b9hf0V5BMyPPTQ_pNep6VD5pobEc8dGXCiWKSsN-Mw9jfX07-PyTeSb61YJmvMiXWQJRkR9nIqtVmwtCjfcDZm10YJqohTw=s0-d-e1-ft#https:\/\/fonts.gstatic.com\/s\/e\/notoemoji\/13.1.1\/2714_fe0f\/32.png\" alt=\"\u2714\ufe0f\" aria-label=\"\u2714\ufe0f\" data-bit=\"iit\" \/>Podeu descarregar\u00a0<a href=\"https:\/\/agora.xtec.cat\/ceiprivorubeo\/afa\/associeu-vos\/\" target=\"_blank\" rel=\"noopener\" data-saferedirecturl=\"https:\/\/www.google.com\/url?q=https:\/\/agora.xtec.cat\/ceiprivorubeo\/afa\/associeu-vos\/&amp;source=gmail&amp;ust=1666124563346000&amp;usg=AOvVaw1-uYnRXq5htx46S3FvYOlK\">aqu\u00ed<\/a> les instruccions per fer el pagament de l&#8217;AFA. Recordem que l&#8217;assemblea nom\u00e9s \u00e9s per a membres de l&#8217;entitat, i caldr\u00e0 estar al corrent del pagament de la quota<\/p>\n<p>&nbsp;<\/p>\n","protected":false},"excerpt":{"rendered":"<p>*ASSEMBLEA\u00a0GENERAL\u00a0DE\u00a0S\u00d2CIES\u00a0DE L&#8217;AFA 2022-2023<br \/>\n24 de NOVEMBRE de 18 a 19h<br \/>\nReuni\u00f3 on-line:\u00a0<a href=\"https:\/\/rivorubeo.us5.list-manage.com\/track\/click?u=23c98d4159cf6b8514c5a9ad3&amp;id=ec4daebd05&amp;e=881f73c661\" target=\"_blank\" rel=\"noopener\" data-saferedirecturl=\"https:\/\/www.google.com\/url?q=https:\/\/rivorubeo.us5.list-manage.com\/track\/click?u%3D23c98d4159cf6b8514c5a9ad3%26id%3Dec4daebd05%26e%3D881f73c661&amp;source=gmail&amp;ust=1666124563346000&amp;usg=AOvVaw2DG1HfNxgoa9Zs8btj9dds\">https:\/\/meet.google.com\/kvr-miva-bkr<\/a><br \/>\n\u00a0Aquesta reuni\u00f3 anual serveix per fer valoraci\u00f3 de les accions fetes durant el curs anterior, tancar el balan\u00e7 econ\u00f2mic i pactar tant els objectius i accions del nou any, com en decidir&hellip;  <a href=\"https:\/\/agora.xtec.cat\/ceiprivorubeo\/afa\/assemblea-general-2022-2023\/\" title=\"Read Assemblea General de l&#8217;AFA 2022-2023\">Llegeix m\u00e9s\u00bb<\/a><\/p>\n","protected":false},"author":4,"featured_media":1789,"comment_status":"open","ping_status":"closed","sticky":false,"template":"","format":"standard","meta":{"_bbp_topic_count":0,"_bbp_reply_count":0,"_bbp_total_topic_count":0,"_bbp_total_reply_count":0,"_bbp_voice_count":0,"_bbp_anonymous_reply_count":0,"_bbp_topic_count_hidden":0,"_bbp_reply_count_hidden":0,"_bbp_forum_subforum_count":0,"footnotes":""},"categories":[7,65],"tags":[],"class_list":["post-1764","post","type-post","status-publish","format-standard","has-post-thumbnail","hentry","category-afa","category-butlleti"],"post_mailing_queue_ids":[],"_links":{"self":[{"href":"https:\/\/agora.xtec.cat\/ceiprivorubeo\/wp-json\/wp\/v2\/posts\/1764","targetHints":{"allow":["GET"]}}],"collection":[{"href":"https:\/\/agora.xtec.cat\/ceiprivorubeo\/wp-json\/wp\/v2\/posts"}],"about":[{"href":"https:\/\/agora.xtec.cat\/ceiprivorubeo\/wp-json\/wp\/v2\/types\/post"}],"author":[{"embeddable":true,"href":"https:\/\/agora.xtec.cat\/ceiprivorubeo\/wp-json\/wp\/v2\/users\/4"}],"replies":[{"embeddable":true,"href":"https:\/\/agora.xtec.cat\/ceiprivorubeo\/wp-json\/wp\/v2\/comments?post=1764"}],"version-history":[{"count":3,"href":"https:\/\/agora.xtec.cat\/ceiprivorubeo\/wp-json\/wp\/v2\/posts\/1764\/revisions"}],"predecessor-version":[{"id":1970,"href":"https:\/\/agora.xtec.cat\/ceiprivorubeo\/wp-json\/wp\/v2\/posts\/1764\/revisions\/1970"}],"wp:featuredmedia":[{"embeddable":true,"href":"https:\/\/agora.xtec.cat\/ceiprivorubeo\/wp-json\/wp\/v2\/media\/1789"}],"wp:attachment":[{"href":"https:\/\/agora.xtec.cat\/ceiprivorubeo\/wp-json\/wp\/v2\/media?parent=1764"}],"wp:term":[{"taxonomy":"category","embeddable":true,"href":"https:\/\/agora.xtec.cat\/ceiprivorubeo\/wp-json\/wp\/v2\/categories?post=1764"},{"taxonomy":"post_tag","embeddable":true,"href":"https:\/\/agora.xtec.cat\/ceiprivorubeo\/wp-json\/wp\/v2\/tags?post=1764"}],"curies":[{"name":"wp","href":"https:\/\/api.w.org\/{rel}","templated":true}]}}