{"id":1632,"date":"2022-10-14T16:06:14","date_gmt":"2022-10-14T14:06:14","guid":{"rendered":"https:\/\/agora.xtec.cat\/ceiprivorubeo\/?p=1632"},"modified":"2022-10-14T16:27:49","modified_gmt":"2022-10-14T14:27:49","slug":"comunicacio_informacions_diverses","status":"publish","type":"post","link":"https:\/\/agora.xtec.cat\/ceiprivorubeo\/portada\/comunicacio_informacions_diverses\/","title":{"rendered":"Comunicaci\u00f3, informacions diverses"},"content":{"rendered":"<p>Us volem transmetre dues informacions:<\/p>\n<ul>\n<li><strong>Blocs. Articles Protegits<\/strong><\/li>\n<\/ul>\n<p>Durant els propers dies les tutories us faran arribar un correu indicant-vos la contrasenya per accedir als articles dels blocs protegits amb contrasenya. Aquests articles restringits ens permetran publicar m\u00e9s fotografies i amb m\u00e9s detall. Nom\u00e9s sortiran alumnes que tinguin autoritzada la publicaci\u00f3 d&#8217;imatges en l&#8217;apartat &#8220;intranet amb acc\u00e9s restringit&#8221; de l&#8217;autoritzaci\u00f3 de drets d&#8217;imatge.<\/p>\n<ul>\n<li><strong>Document &#8220;Com ens comuniquem a l&#8217;escola?&#8221;<\/strong><\/li>\n<\/ul>\n<p>Durant el curs 21-22 vam iniciar un treball de diagnosi per a l\u2019elaboraci\u00f3 d\u2019un Pla de Comunicaci\u00f3 per a l\u2019escola. Durant el curs 22-23 treballarem per concretar i implementar-lo.<\/p>\n<p>Una de les conclusions que es van extreure de l\u2019an\u00e0lisi va ser la conveni\u00e8ncia de compartir amb tota la comunitat quins canals tenim a l\u2019escola per comunicar-nos i explicitar quins usos donar-los ja que hem identificat que no est\u00e0 clar en tots els casos.<\/p>\n<p>Hem recollit aquesta informaci\u00f3 en un document que vam compartir amb vosaltres\u00a0a les reunions de fam\u00edlies, de manera que pogu\u00e9ssim aclarir alguns aspectes que hav\u00edem detectat que no es coneixien prou b\u00e9.<\/p>\n<p>Ara que ja us ho hem presentat, us fem saber que hem ubicat aquesta informaci\u00f3 en un apartat fixe de la web <a href=\"https:\/\/agora.xtec.cat\/ceiprivorubeo\/lescola\/com-ens-comuniquem-a-lescola\/\">&#8220;Com ens comuniquem a l&#8217;escola?&#8221;<\/a>, que tamb\u00e9 trobareu accessible des del men\u00fa.<\/p>\n<p>A m\u00e9s d&#8217;aquest document, s&#8217;estan concretant altres aspectes que configuraran el Pla de Comunicaci\u00f3, que compartirem amb les fam\u00edlies un cop elaborat.<\/p>\n<p>&nbsp;<\/p>\n","protected":false},"excerpt":{"rendered":"<p>Us volem transmetre dues informacions:<\/p>\n<ul>\n<li>Blocs. Articles Protegits<\/li>\n<\/ul>\n<p>Durant els propers dies les tutories us faran arribar un correu indicant-vos la contrasenya per accedir als articles dels blocs protegits amb contrasenya. Aquests articles restringits ens permetran publicar m\u00e9s fotografies i amb m\u00e9s detall. Nom\u00e9s sortiran alumnes que&hellip;  <a href=\"https:\/\/agora.xtec.cat\/ceiprivorubeo\/portada\/comunicacio_informacions_diverses\/\" title=\"Read Comunicaci\u00f3, informacions diverses\">Llegeix m\u00e9s\u00bb<\/a><\/p>\n","protected":false},"author":1,"featured_media":1633,"comment_status":"open","ping_status":"closed","sticky":false,"template":"","format":"standard","meta":{"_bbp_topic_count":0,"_bbp_reply_count":0,"_bbp_total_topic_count":0,"_bbp_total_reply_count":0,"_bbp_voice_count":0,"_bbp_anonymous_reply_count":0,"_bbp_topic_count_hidden":0,"_bbp_reply_count_hidden":0,"_bbp_forum_subforum_count":0,"footnotes":""},"categories":[77,4],"tags":[],"class_list":["post-1632","post","type-post","status-publish","format-standard","has-post-thumbnail","hentry","category-informacions-publicades","category-portada"],"post_mailing_queue_ids":[],"_links":{"self":[{"href":"https:\/\/agora.xtec.cat\/ceiprivorubeo\/wp-json\/wp\/v2\/posts\/1632","targetHints":{"allow":["GET"]}}],"collection":[{"href":"https:\/\/agora.xtec.cat\/ceiprivorubeo\/wp-json\/wp\/v2\/posts"}],"about":[{"href":"https:\/\/agora.xtec.cat\/ceiprivorubeo\/wp-json\/wp\/v2\/types\/post"}],"author":[{"embeddable":true,"href":"https:\/\/agora.xtec.cat\/ceiprivorubeo\/wp-json\/wp\/v2\/users\/1"}],"replies":[{"embeddable":true,"href":"https:\/\/agora.xtec.cat\/ceiprivorubeo\/wp-json\/wp\/v2\/comments?post=1632"}],"version-history":[{"count":2,"href":"https:\/\/agora.xtec.cat\/ceiprivorubeo\/wp-json\/wp\/v2\/posts\/1632\/revisions"}],"predecessor-version":[{"id":1640,"href":"https:\/\/agora.xtec.cat\/ceiprivorubeo\/wp-json\/wp\/v2\/posts\/1632\/revisions\/1640"}],"wp:featuredmedia":[{"embeddable":true,"href":"https:\/\/agora.xtec.cat\/ceiprivorubeo\/wp-json\/wp\/v2\/media\/1633"}],"wp:attachment":[{"href":"https:\/\/agora.xtec.cat\/ceiprivorubeo\/wp-json\/wp\/v2\/media?parent=1632"}],"wp:term":[{"taxonomy":"category","embeddable":true,"href":"https:\/\/agora.xtec.cat\/ceiprivorubeo\/wp-json\/wp\/v2\/categories?post=1632"},{"taxonomy":"post_tag","embeddable":true,"href":"https:\/\/agora.xtec.cat\/ceiprivorubeo\/wp-json\/wp\/v2\/tags?post=1632"}],"curies":[{"name":"wp","href":"https:\/\/api.w.org\/{rel}","templated":true}]}}