{"id":1621,"date":"2023-10-11T15:26:33","date_gmt":"2023-10-11T13:26:33","guid":{"rendered":"https:\/\/agora.xtec.cat\/ceiprivorubeo\/?p=1621"},"modified":"2023-10-19T20:24:36","modified_gmt":"2023-10-19T18:24:36","slug":"torna-la-castanyada","status":"publish","type":"post","link":"https:\/\/agora.xtec.cat\/ceiprivorubeo\/general\/torna-la-castanyada\/","title":{"rendered":"Torna la Castanyada! Programaci\u00f3 Cicle Mitjans i Grans."},"content":{"rendered":"<p>Benvolgudes fam\u00edlies,<\/p>\n<p>S&#8217;acosta la primera festa del curs! La Castanyada! Aquest any tornarem a gaudir d&#8217;una festa en la qual petits i grans podran gaudir de diferents activitats al llarg de la setmana del 30 d&#8217;octubre al 3 de novembre.<\/p>\n<p>Com activitats a destacar:<\/p>\n<ul>\n<li>Durant les dues \u00faltimes setmanes d&#8217;octubre, les classes faran tallers de <strong>cuina de tardor<\/strong>. Es treballaran receptes diverses, segons el cicle i nivell dels nens i nenes. Si \u00e9s necessari, des de les tutories se us donar\u00e0 informaci\u00f3 espec\u00edfica.<\/li>\n<li>Dilluns 30, l&#8217;alumnat de sis\u00e8 es convertir\u00e0 en protagonista. Representaran davant les diferents classes els <strong>Contes de por<\/strong>. Una activitat hist\u00f2rica de l&#8217;escola en la qual es representen contes tradicionals &#8220;de por&#8221; teatralitzats. Aquesta activitat t\u00e9 a veure amb la tradici\u00f3 d&#8217;explicar contes de por i de les \u00e0nimes pels volts de Tots Sants. Els contes s&#8217;han triat per tal que siguin adequats a l&#8217;edat dels nens i les nenes.<\/li>\n<li>Dimarts 31,\n<ul>\n<li>Al mat\u00ed, l&#8217;alumnat de 5\u00e8 haur\u00e0 preparat <strong>Les Cucanyes<\/strong>. Una altra de les activitats hist\u00f2riques de l&#8217;escola. Els nens i nenes d&#8217;aquest curs estan preparant i organitzant-se perqu\u00e8 la canalla d&#8217;I3 fins a 4t s&#8217;ho passi d&#8217;all\u00f2 m\u00e9s b\u00e9 superant proves de tota mena.<\/li>\n<li>A la tarda, les classes sortiran als patis respectius per menjar-nos les castanyes i fer una mica de ballaruca!<\/li>\n<\/ul>\n<\/li>\n<\/ul>\n<p><span style=\"text-decoration: underline;\"><strong>Per poder menjar-nos les castanyes, a partir del dia 24 fins el dia 27, cada alumne\/a haur\u00e0 de portar 8 castanyes SENSE tallar.<\/strong><\/span><\/p>\n","protected":false},"excerpt":{"rendered":"<p>Benvolgudes fam\u00edlies,<br \/>\nS&#8217;acosta la primera festa del curs! La Castanyada! Aquest any tornarem a gaudir d&#8217;una festa en la qual petits i grans podran gaudir de diferents activitats al llarg de la setmana del 30 d&#8217;octubre al 3 de novembre.<br \/>\nCom activitats a destacar:<\/p>\n<ul>\n<li>Durant les dues \u00faltimes&hellip;  <a href=\"https:\/\/agora.xtec.cat\/ceiprivorubeo\/general\/torna-la-castanyada\/\" title=\"Read Torna la Castanyada! Programaci\u00f3 Cicle Mitjans i Grans.\">Llegeix m\u00e9s\u00bb<\/a><br \/>\n","protected":false},"author":1,"featured_media":1622,"comment_status":"open","ping_status":"closed","sticky":false,"template":"","format":"standard","meta":{"_bbp_topic_count":0,"_bbp_reply_count":0,"_bbp_total_topic_count":0,"_bbp_total_reply_count":0,"_bbp_voice_count":0,"_bbp_anonymous_reply_count":0,"_bbp_topic_count_hidden":0,"_bbp_reply_count_hidden":0,"_bbp_forum_subforum_count":0,"footnotes":""},"categories":[65,1,4,5],"tags":[],"class_list":["post-1621","post","type-post","status-publish","format-standard","has-post-thumbnail","hentry","category-butlleti","category-general","category-portada","category-primaria"],"post_mailing_queue_ids":[],"_links":{"self":[{"href":"https:\/\/agora.xtec.cat\/ceiprivorubeo\/wp-json\/wp\/v2\/posts\/1621","targetHints":{"allow":["GET"]}}],"collection":[{"href":"https:\/\/agora.xtec.cat\/ceiprivorubeo\/wp-json\/wp\/v2\/posts"}],"about":[{"href":"https:\/\/agora.xtec.cat\/ceiprivorubeo\/wp-json\/wp\/v2\/types\/post"}],"author":[{"embeddable":true,"href":"https:\/\/agora.xtec.cat\/ceiprivorubeo\/wp-json\/wp\/v2\/users\/1"}],"replies":[{"embeddable":true,"href":"https:\/\/agora.xtec.cat\/ceiprivorubeo\/wp-json\/wp\/v2\/comments?post=1621"}],"version-history":[{"count":2,"href":"https:\/\/agora.xtec.cat\/ceiprivorubeo\/wp-json\/wp\/v2\/posts\/1621\/revisions"}],"predecessor-version":[{"id":3146,"href":"https:\/\/agora.xtec.cat\/ceiprivorubeo\/wp-json\/wp\/v2\/posts\/1621\/revisions\/3146"}],"wp:featuredmedia":[{"embeddable":true,"href":"https:\/\/agora.xtec.cat\/ceiprivorubeo\/wp-json\/wp\/v2\/media\/1622"}],"wp:attachment":[{"href":"https:\/\/agora.xtec.cat\/ceiprivorubeo\/wp-json\/wp\/v2\/media?parent=1621"}],"wp:term":[{"taxonomy":"category","embeddable":true,"href":"https:\/\/agora.xtec.cat\/ceiprivorubeo\/wp-json\/wp\/v2\/categories?post=1621"},{"taxonomy":"post_tag","embeddable":true,"href":"https:\/\/agora.xtec.cat\/ceiprivorubeo\/wp-json\/wp\/v2\/tags?post=1621"}],"curies":[{"name":"wp","href":"https:\/\/api.w.org\/{rel}","templated":true}]}}