{"id":1577,"date":"2022-10-11T16:14:03","date_gmt":"2022-10-11T14:14:03","guid":{"rendered":"https:\/\/agora.xtec.cat\/ceiprivorubeo\/?p=1577"},"modified":"2022-10-11T16:14:03","modified_gmt":"2022-10-11T14:14:03","slug":"lets-go-to-the-theatre","status":"publish","type":"post","link":"https:\/\/agora.xtec.cat\/ceiprivorubeo\/primaria\/grans\/5e\/lets-go-to-the-theatre\/","title":{"rendered":"Let&#8217;s go to the theatre"},"content":{"rendered":"<p>Hola fam\u00edlies!<\/p>\n<p>Aquest dijous vam anar al Teatre Municipal de la Sala per gaudir de l&#8217;espectacle titulat Hansel i Gretel en angl\u00e8s! Vam veure una divertida versi\u00f3 basada en el popular conte dels germans Grimm. En aquesta versi\u00f3 de la hist\u00f2ria Hansel i Gretel coneixen a uns simp\u00e0tics animals del bosc i a un divertit esquelet que els ajuda a tornar a casa.<\/p>\n<p>We had a great time!<\/p>\n<p><a href=\"https:\/\/agora.xtec.cat\/ceiprivorubeo\/wp-content\/uploads\/usu2655\/2022\/10\/1665142673488.jpg\"><img loading=\"lazy\" decoding=\"async\" class=\"alignnone wp-image-1580\" src=\"https:\/\/agora.xtec.cat\/ceiprivorubeo\/wp-content\/uploads\/usu2655\/2022\/10\/1665142673488.jpg\" alt=\"\" width=\"664\" height=\"499\" srcset=\"https:\/\/agora.xtec.cat\/ceiprivorubeo\/wp-content\/uploads\/usu2655\/2022\/10\/1665142673488.jpg 1024w, https:\/\/agora.xtec.cat\/ceiprivorubeo\/wp-content\/uploads\/usu2655\/2022\/10\/1665142673488-300x225.jpg 300w, https:\/\/agora.xtec.cat\/ceiprivorubeo\/wp-content\/uploads\/usu2655\/2022\/10\/1665142673488-768x576.jpg 768w, https:\/\/agora.xtec.cat\/ceiprivorubeo\/wp-content\/uploads\/usu2655\/2022\/10\/1665142673488-200x150.jpg 200w\" sizes=\"auto, (max-width: 664px) 100vw, 664px\" \/><\/a><\/p>\n<p><a href=\"https:\/\/agora.xtec.cat\/ceiprivorubeo\/wp-content\/uploads\/usu2655\/2022\/10\/1665142673526.jpg\"><img loading=\"lazy\" decoding=\"async\" class=\"alignnone wp-image-1582\" src=\"https:\/\/agora.xtec.cat\/ceiprivorubeo\/wp-content\/uploads\/usu2655\/2022\/10\/1665142673526.jpg\" alt=\"\" width=\"664\" height=\"498\" srcset=\"https:\/\/agora.xtec.cat\/ceiprivorubeo\/wp-content\/uploads\/usu2655\/2022\/10\/1665142673526.jpg 1024w, https:\/\/agora.xtec.cat\/ceiprivorubeo\/wp-content\/uploads\/usu2655\/2022\/10\/1665142673526-300x225.jpg 300w, https:\/\/agora.xtec.cat\/ceiprivorubeo\/wp-content\/uploads\/usu2655\/2022\/10\/1665142673526-768x576.jpg 768w, https:\/\/agora.xtec.cat\/ceiprivorubeo\/wp-content\/uploads\/usu2655\/2022\/10\/1665142673526-200x150.jpg 200w\" sizes=\"auto, (max-width: 664px) 100vw, 664px\" \/><\/a><\/p>\n","protected":false},"excerpt":{"rendered":"<p>Hola fam\u00edlies!<br \/>\nAquest dijous vam anar al Teatre Municipal de la Sala per gaudir de l&#8217;espectacle titulat Hansel i Gretel en angl\u00e8s! Vam veure una divertida versi\u00f3 basada en el popular conte dels germans Grimm. En aquesta versi\u00f3 de la hist\u00f2ria Hansel i Gretel coneixen a&hellip;  <a href=\"https:\/\/agora.xtec.cat\/ceiprivorubeo\/primaria\/grans\/5e\/lets-go-to-the-theatre\/\" title=\"Read Let&#8217;s go to the theatre\">Llegeix m\u00e9s\u00bb<\/a><\/p>\n","protected":false},"author":29,"featured_media":1582,"comment_status":"open","ping_status":"closed","sticky":false,"template":"","format":"standard","meta":{"_bbp_topic_count":0,"_bbp_reply_count":0,"_bbp_total_topic_count":0,"_bbp_total_reply_count":0,"_bbp_voice_count":0,"_bbp_anonymous_reply_count":0,"_bbp_topic_count_hidden":0,"_bbp_reply_count_hidden":0,"_bbp_forum_subforum_count":0,"footnotes":""},"categories":[13,90],"tags":[],"class_list":["post-1577","post","type-post","status-publish","format-standard","has-post-thumbnail","hentry","category-5e","category-llengua-estrangera"],"post_mailing_queue_ids":[],"_links":{"self":[{"href":"https:\/\/agora.xtec.cat\/ceiprivorubeo\/wp-json\/wp\/v2\/posts\/1577","targetHints":{"allow":["GET"]}}],"collection":[{"href":"https:\/\/agora.xtec.cat\/ceiprivorubeo\/wp-json\/wp\/v2\/posts"}],"about":[{"href":"https:\/\/agora.xtec.cat\/ceiprivorubeo\/wp-json\/wp\/v2\/types\/post"}],"author":[{"embeddable":true,"href":"https:\/\/agora.xtec.cat\/ceiprivorubeo\/wp-json\/wp\/v2\/users\/29"}],"replies":[{"embeddable":true,"href":"https:\/\/agora.xtec.cat\/ceiprivorubeo\/wp-json\/wp\/v2\/comments?post=1577"}],"version-history":[{"count":3,"href":"https:\/\/agora.xtec.cat\/ceiprivorubeo\/wp-json\/wp\/v2\/posts\/1577\/revisions"}],"predecessor-version":[{"id":1592,"href":"https:\/\/agora.xtec.cat\/ceiprivorubeo\/wp-json\/wp\/v2\/posts\/1577\/revisions\/1592"}],"wp:featuredmedia":[{"embeddable":true,"href":"https:\/\/agora.xtec.cat\/ceiprivorubeo\/wp-json\/wp\/v2\/media\/1582"}],"wp:attachment":[{"href":"https:\/\/agora.xtec.cat\/ceiprivorubeo\/wp-json\/wp\/v2\/media?parent=1577"}],"wp:term":[{"taxonomy":"category","embeddable":true,"href":"https:\/\/agora.xtec.cat\/ceiprivorubeo\/wp-json\/wp\/v2\/categories?post=1577"},{"taxonomy":"post_tag","embeddable":true,"href":"https:\/\/agora.xtec.cat\/ceiprivorubeo\/wp-json\/wp\/v2\/tags?post=1577"}],"curies":[{"name":"wp","href":"https:\/\/api.w.org\/{rel}","templated":true}]}}