{"id":1566,"date":"2022-10-07T13:10:25","date_gmt":"2022-10-07T11:10:25","guid":{"rendered":"https:\/\/agora.xtec.cat\/ceiprivorubeo\/?p=1566"},"modified":"2022-10-21T14:12:52","modified_gmt":"2022-10-21T12:12:52","slug":"perque-anem-descalcos-a-lescola","status":"publish","type":"post","link":"https:\/\/agora.xtec.cat\/ceiprivorubeo\/portada\/perque-anem-descalcos-a-lescola\/","title":{"rendered":"Perqu\u00e8 anem descal\u00e7os per l&#8217;escola?*"},"content":{"rendered":"<p style=\"text-align: right;\"><em><strong>*o el que m\u00e9s s&#8217;hi assembli?<\/strong><\/em><\/p>\n<p>L&#8217;aparici\u00f3 de la COVID-19 va comportar estipular una s\u00e8rie de mesures higi\u00e8niques als centres educatius, entre elles, el fet d&#8217;evitar que el cal\u00e7at de casa entr\u00e9s a l&#8217;escola. Aquest fet va precipitar un aspecte que port\u00e0vem temps valorant de dur a terme a l&#8217;escola, que \u00e9s el fet d&#8217;anar descal\u00e7os (o el m\u00e9s semblant possible).<\/p>\n<p>Des de l&#8217;equip volem compartir amb vosaltres els beneficis que t\u00e9 el fet d&#8217;anar descal\u00e7os, tant per la canalla, com per als adults.\u00a0Com s&#8217;esmenta en <a href=\"https:\/\/www.guiainfantil.com\/articulos\/salud\/beneficios-de-andar-descalzo-para-los-ninos\/\">aquest article <\/a>(que us recomanem que llegiu)<a href=\"https:\/\/www.guiainfantil.com\/articulos\/salud\/beneficios-de-andar-descalzo-para-los-ninos\/\">, <\/a>anar descal\u00e7os:<\/p>\n<ul>\n<li>Afavoreix la <strong>formaci\u00f3 de l&#8217;arc del peu<\/strong>, evitant aix\u00ed l&#8217;aparici\u00f3 dels <strong>peus plans<\/strong>.<\/li>\n<li>T\u00e9 beneficis sobre el <strong>desenvolupament muscular<\/strong> a la zona del peu i del turmell, fent <strong>prevenci\u00f3 de lesions<\/strong> derivades de l&#8217;esport o els jocs.<\/li>\n<li>Proporciona sensaci\u00f3 de llibertat.<\/li>\n<li>Ajuda a <strong>desenvolupar els sentits<\/strong><strong> de l&#8217;infant<\/strong>, que \u00e9s capa\u00e7 de descobrir m\u00e9s experi\u00e8ncies sensitives amb els peus en contacte directe amb la natura. Els infants estaran provant sensacions de temperatura, textures, etc., que afavoreixen el seu desenvolupament psicomotor.<\/li>\n<\/ul>\n<p><span style=\"text-decoration: underline;\"><strong>A L&#8217;ESCOLA, PEUS LLIURES!<\/strong><\/span><\/p>\n<p>Els nens i nenes passen moltes hores a l&#8217;escola i, tenint en compte el que us acabem d&#8217;explicar, sabem que oferir-los un espai de &#8220;peus lliures&#8221; \u00e9s benefici\u00f3s per a ells i elles.<\/p>\n<p><strong>Recomanem anar descal\u00e7os, amb mitj\u00f3 antilliscant, o amb un cal\u00e7at que s&#8217;assembli al m\u00e0xim a l&#8217;anar descal\u00e7os. I, de cara al fred, el mateix, tot assegurant el confort t\u00e8rmic dels nens i nenes.<\/strong><\/p>\n<p>A m\u00e9s de tot aix\u00f2, la neteja de l&#8217;escola tamb\u00e9 en queda afavorida ja que entren menys elements de brut\u00edcia.<\/p>\n<p><strong>Convidem aquelles fam\u00edlies que hi trobin inconvenients o dubtes, que ho comentin amb la seva tutoria, per tal de trobar una soluci\u00f3 que s&#8217;adequi a la normativa.<\/strong><\/p>\n<p><span style=\"text-decoration: underline;\"><strong>FORA DE L&#8217;ESCOLA, QUIN SERIA EL MILLOR CAL\u00c7AT PER A UN INFANT?<\/strong><\/span><\/p>\n<p>D&#8217;entrada, el cal\u00e7at ha de quedar subjecte al peu. Per\u00f2, a m\u00e9s:<\/p>\n<ul>\n<li>Que sigui un cal\u00e7at que deixi lliure el moviment del turmell. Fixar aquesta part de la cama de l&#8217;infant no li donar\u00e0 m\u00e9s estabilitat i li far\u00e0 mal.<\/li>\n<li>Que sigui una sabata que no estrenyi el peu. <span style=\"font-family: inherit; font-size: 1em;\">No es tracta d&#8217;empresonar el peu. <\/span><span style=\"font-family: inherit; font-size: 1em;\">La part del darrere del cal\u00e7at NO ha de ser molt dura o r\u00edgida.<\/span><\/li>\n<li>Que la sola del cal\u00e7at sigui flexible i antilliscant, d&#8217;un gruix d&#8217;entre 3 i 5 mm. <span style=\"font-family: inherit; font-size: 1em;\">Perqu\u00e8 el peu tingui llibertat de moviments, la part davantera del cal\u00e7at ha de poder ser doblegada amb les mans amb facilitat.<\/span><\/li>\n<li>Que la punta del cal\u00e7at<span style=\"font-family: inherit; font-size: 1em;\"> sigui rodona i ampla per permetre que els dits es moguin per dins.<\/span><\/li>\n<li>Que el cal\u00e7at sigui d&#8217;un material natural com pell o cuir, si \u00e9s possible, ja que permet als peus transpirar millor, i que no fan mala olor<span style=\"font-family: inherit; font-size: 1em;\"> .<\/span><\/li>\n<li>Que el tancament sigui amb velcro perqu\u00e8 sigui m\u00e9s f\u00e0cil per als nens i nenes aprendre a posar-lo o treure&#8217;l.<\/li>\n<\/ul>\n<p>Sabem que \u00e9s molta informaci\u00f3 i moltes variables a tenir en compte. Si creieu que voleu seguir informant-vos i actualitzar-vos en aquest tema, la pod\u00f2loga Neus Moya, explica tot aix\u00f2 i m\u00e9s en el seu compte d&#8217;instagram, de forma molt entenedora. A m\u00e9s, analitza tot tipus de cal\u00e7at i marques per a totes les butxaques, facilitant a les fam\u00edlies aquells models que troba m\u00e9s adequats per a la canalla.<\/p>\n<p><span style=\"text-decoration: underline;\"><strong>I, PERQU\u00c8 NO VOLEM QUE PORTIN CAL\u00c7AT TIPUS CROCS?<\/strong><\/span><\/p>\n<p>En <a href=\"https:\/\/www.instagram.com\/p\/CS1mL09DwXW\/?igshid=YmMyMTA2M2Y=\">aquest v\u00eddeo<\/a>, la pod\u00f2loga Neus Moya, explica el perqu\u00e8. El problema principal \u00e9s que el peu no queda subjectat correctament (encara que tingui la tira que va al turmell), fent que qui el porti hagi de &#8220;xancletejar&#8221; o posar els peus en &#8220;urpa&#8221;, de manera que el peu queda en tensi\u00f3 sempre que caminem.<\/p>\n<p>Per tant, aquest cal\u00e7at, si es porta, es recomana que sigui per a estones curtes, i no \u00e9s el cas de l&#8217;escola. En passar tantes hores al centre, no creiem convenient que un nen o nena porti un cal\u00e7at que, a la llarga, pugui perjudicar el seu creixement i desenvolupament.<\/p>\n<p>&nbsp;<\/p>\n<p>De tot plegat, us recomanem la lectura d&#8217;<a href=\"https:\/\/www.guiainfantil.com\/articulos\/salud\/beneficios-de-andar-descalzo-para-los-ninos\/\">aquest article<\/a> i dels articles que en aquest mateix es recomanen.<\/p>\n<p>I, en <a href=\"https:\/\/www.podoactiva.com\/blog\/caminar-descalzos-en-casa-es-bueno-para-nuestra-salud-podologica\">aquest altre<\/a> article podreu llegir la recomanaci\u00f3 d&#8217;anar descal\u00e7os per a persones adultes.<\/p>\n<p><a href=\"https:\/\/agora.xtec.cat\/ceiprivorubeo\/wp-content\/uploads\/usu2655\/2022\/10\/infografia_caminar_descalzos.jpg\"><img loading=\"lazy\" decoding=\"async\" class=\" wp-image-1585 alignleft\" src=\"https:\/\/agora.xtec.cat\/ceiprivorubeo\/wp-content\/uploads\/usu2655\/2022\/10\/infografia_caminar_descalzos-1024x1004.jpg\" alt=\"\" width=\"816\" height=\"800\" srcset=\"https:\/\/agora.xtec.cat\/ceiprivorubeo\/wp-content\/uploads\/usu2655\/2022\/10\/infografia_caminar_descalzos-1024x1004.jpg 1024w, https:\/\/agora.xtec.cat\/ceiprivorubeo\/wp-content\/uploads\/usu2655\/2022\/10\/infografia_caminar_descalzos-300x294.jpg 300w, https:\/\/agora.xtec.cat\/ceiprivorubeo\/wp-content\/uploads\/usu2655\/2022\/10\/infografia_caminar_descalzos-768x753.jpg 768w, https:\/\/agora.xtec.cat\/ceiprivorubeo\/wp-content\/uploads\/usu2655\/2022\/10\/infografia_caminar_descalzos.jpg 1200w\" sizes=\"auto, (max-width: 816px) 100vw, 816px\" \/><\/a><\/p>\n","protected":false},"excerpt":{"rendered":"<p>*o el que m\u00e9s s&#8217;hi assembli?<br \/>\nL&#8217;aparici\u00f3 de la COVID-19 va comportar estipular una s\u00e8rie de mesures higi\u00e8niques als centres educatius, entre elles, el fet d&#8217;evitar que el cal\u00e7at de casa entr\u00e9s a l&#8217;escola. Aquest fet va precipitar un aspecte que port\u00e0vem temps valorant de dur&hellip;  <a href=\"https:\/\/agora.xtec.cat\/ceiprivorubeo\/portada\/perque-anem-descalcos-a-lescola\/\" title=\"Read Perqu\u00e8 anem descal\u00e7os per l&#8217;escola?*\">Llegeix m\u00e9s\u00bb<\/a><\/p>\n","protected":false},"author":1,"featured_media":1594,"comment_status":"closed","ping_status":"closed","sticky":false,"template":"","format":"standard","meta":{"_bbp_topic_count":0,"_bbp_reply_count":0,"_bbp_total_topic_count":0,"_bbp_total_reply_count":0,"_bbp_voice_count":0,"_bbp_anonymous_reply_count":0,"_bbp_topic_count_hidden":0,"_bbp_reply_count_hidden":0,"_bbp_forum_subforum_count":0,"footnotes":""},"categories":[77,4],"tags":[],"class_list":["post-1566","post","type-post","status-publish","format-standard","has-post-thumbnail","hentry","category-informacions-publicades","category-portada"],"post_mailing_queue_ids":[],"_links":{"self":[{"href":"https:\/\/agora.xtec.cat\/ceiprivorubeo\/wp-json\/wp\/v2\/posts\/1566","targetHints":{"allow":["GET"]}}],"collection":[{"href":"https:\/\/agora.xtec.cat\/ceiprivorubeo\/wp-json\/wp\/v2\/posts"}],"about":[{"href":"https:\/\/agora.xtec.cat\/ceiprivorubeo\/wp-json\/wp\/v2\/types\/post"}],"author":[{"embeddable":true,"href":"https:\/\/agora.xtec.cat\/ceiprivorubeo\/wp-json\/wp\/v2\/users\/1"}],"replies":[{"embeddable":true,"href":"https:\/\/agora.xtec.cat\/ceiprivorubeo\/wp-json\/wp\/v2\/comments?post=1566"}],"version-history":[{"count":4,"href":"https:\/\/agora.xtec.cat\/ceiprivorubeo\/wp-json\/wp\/v2\/posts\/1566\/revisions"}],"predecessor-version":[{"id":1598,"href":"https:\/\/agora.xtec.cat\/ceiprivorubeo\/wp-json\/wp\/v2\/posts\/1566\/revisions\/1598"}],"wp:featuredmedia":[{"embeddable":true,"href":"https:\/\/agora.xtec.cat\/ceiprivorubeo\/wp-json\/wp\/v2\/media\/1594"}],"wp:attachment":[{"href":"https:\/\/agora.xtec.cat\/ceiprivorubeo\/wp-json\/wp\/v2\/media?parent=1566"}],"wp:term":[{"taxonomy":"category","embeddable":true,"href":"https:\/\/agora.xtec.cat\/ceiprivorubeo\/wp-json\/wp\/v2\/categories?post=1566"},{"taxonomy":"post_tag","embeddable":true,"href":"https:\/\/agora.xtec.cat\/ceiprivorubeo\/wp-json\/wp\/v2\/tags?post=1566"}],"curies":[{"name":"wp","href":"https:\/\/api.w.org\/{rel}","templated":true}]}}