{"id":1522,"date":"2022-10-06T09:26:19","date_gmt":"2022-10-06T07:26:19","guid":{"rendered":"https:\/\/agora.xtec.cat\/ceiprivorubeo\/?p=1522"},"modified":"2022-10-06T09:26:19","modified_gmt":"2022-10-06T07:26:19","slug":"ja-tenim-nom","status":"publish","type":"post","link":"https:\/\/agora.xtec.cat\/ceiprivorubeo\/general\/ja-tenim-nom\/","title":{"rendered":"Ja tenim nom!"},"content":{"rendered":"<p><a href=\"https:\/\/agora.xtec.cat\/ceiprivorubeo\/wp-content\/uploads\/usu2655\/2022\/09\/imatge-tibidabo.jpeg\">\u00a0 \u00a0 \u00a0 \u00a0 \u00a0 \u00a0 \u00a0 \u00a0 \u00a0<img loading=\"lazy\" decoding=\"async\" class=\"alignnone wp-image-1558\" src=\"https:\/\/agora.xtec.cat\/ceiprivorubeo\/wp-content\/uploads\/usu2655\/2022\/09\/imatge-tibidabo-1024x589.jpeg\" alt=\"\" width=\"349\" height=\"201\" srcset=\"https:\/\/agora.xtec.cat\/ceiprivorubeo\/wp-content\/uploads\/usu2655\/2022\/09\/imatge-tibidabo-1024x589.jpeg 1024w, https:\/\/agora.xtec.cat\/ceiprivorubeo\/wp-content\/uploads\/usu2655\/2022\/09\/imatge-tibidabo-300x173.jpeg 300w, https:\/\/agora.xtec.cat\/ceiprivorubeo\/wp-content\/uploads\/usu2655\/2022\/09\/imatge-tibidabo-768x442.jpeg 768w, https:\/\/agora.xtec.cat\/ceiprivorubeo\/wp-content\/uploads\/usu2655\/2022\/09\/imatge-tibidabo-1536x884.jpeg 1536w, https:\/\/agora.xtec.cat\/ceiprivorubeo\/wp-content\/uploads\/usu2655\/2022\/09\/imatge-tibidabo.jpeg 1818w\" sizes=\"auto, (max-width: 349px) 100vw, 349px\" \/>\u00a0\u00a0\u00a0\u00a0\u00a0\u00a0 <\/a><a href=\"https:\/\/agora.xtec.cat\/ceiprivorubeo\/wp-content\/uploads\/usu2655\/2022\/09\/imatge-pedraforca.jpeg\"><img loading=\"lazy\" decoding=\"async\" class=\"alignnone wp-image-1557\" src=\"https:\/\/agora.xtec.cat\/ceiprivorubeo\/wp-content\/uploads\/usu2655\/2022\/09\/imatge-pedraforca-1024x509.jpeg\" alt=\"\" width=\"406\" height=\"202\" srcset=\"https:\/\/agora.xtec.cat\/ceiprivorubeo\/wp-content\/uploads\/usu2655\/2022\/09\/imatge-pedraforca-1024x509.jpeg 1024w, https:\/\/agora.xtec.cat\/ceiprivorubeo\/wp-content\/uploads\/usu2655\/2022\/09\/imatge-pedraforca-300x149.jpeg 300w, https:\/\/agora.xtec.cat\/ceiprivorubeo\/wp-content\/uploads\/usu2655\/2022\/09\/imatge-pedraforca-768x382.jpeg 768w, https:\/\/agora.xtec.cat\/ceiprivorubeo\/wp-content\/uploads\/usu2655\/2022\/09\/imatge-pedraforca-1536x763.jpeg 1536w, https:\/\/agora.xtec.cat\/ceiprivorubeo\/wp-content\/uploads\/usu2655\/2022\/09\/imatge-pedraforca.jpeg 1871w\" sizes=\"auto, (max-width: 406px) 100vw, 406px\" \/><\/a><\/p>\n<p>La setmana passada ja vam acabar d&#8217;enllestir els noms de les dues classes. Per majoria, a quart A ha sortit el nom de la muntanya del <strong>Tibidabo<\/strong> i a quart B, el nom de <strong>Pedraforca<\/strong>.<\/p>\n<p>I quin sentit t\u00e9 un nom per classe cada any?\u00a0Doncs hi ha diferents motius que ens porten a tenir un nom i aquests son els seg\u00fcents:<\/p>\n<ul>\n<li>Ens identifica com a grup.<\/li>\n<li>Ens crea identitat pr\u00f2pia.<\/li>\n<li>Ens uneix amb els projectes i continguts a treballar durant el curs.<\/li>\n<li>Ens obre la curiositat i un camp d&#8217;investigaci\u00f3 que sovint ens condueix per &#8220;camins inesperats&#8221;.<\/li>\n<li>Ens diferencia i crea marca de grup dins la propia organitzaci\u00f3 d&#8217;escola.<\/li>\n<\/ul>\n<p>L&#8217;alumnat est\u00e0 molt motivat i les mestres tamb\u00e9 aix\u00ed que&#8230; a descobrir Catalunya s&#8217;ha dit!<\/p>\n<p><em>Les fotos han estat cedides per una mare del nivell que des de la feina veu uns murals pintats amb aquestes imatges. Moltes gr\u00e0cies.\u00a0<\/em><\/p>\n","protected":false},"excerpt":{"rendered":"<p><a href=\"https:\/\/agora.xtec.cat\/ceiprivorubeo\/wp-content\/uploads\/usu2655\/2022\/09\/imatge-tibidabo.jpeg\">\u00a0 \u00a0 \u00a0 \u00a0 \u00a0 \u00a0 \u00a0 \u00a0 \u00a0\u00a0\u00a0\u00a0\u00a0\u00a0\u00a0 <\/a><a href=\"https:\/\/agora.xtec.cat\/ceiprivorubeo\/wp-content\/uploads\/usu2655\/2022\/09\/imatge-pedraforca.jpeg\"><\/a><br \/>\nLa setmana passada ja vam acabar d&#8217;enllestir els noms de les dues classes. Per majoria, a quart A ha sortit el nom de la muntanya del Tibidabo i a quart B, el nom de&hellip;  <a href=\"https:\/\/agora.xtec.cat\/ceiprivorubeo\/general\/ja-tenim-nom\/\" title=\"Read Ja tenim nom!\">Llegeix m\u00e9s\u00bb<\/a><\/p>\n","protected":false},"author":18,"featured_media":0,"comment_status":"open","ping_status":"closed","sticky":false,"template":"","format":"standard","meta":{"_bbp_topic_count":0,"_bbp_reply_count":0,"_bbp_total_topic_count":0,"_bbp_total_reply_count":0,"_bbp_voice_count":0,"_bbp_anonymous_reply_count":0,"_bbp_topic_count_hidden":0,"_bbp_reply_count_hidden":0,"_bbp_forum_subforum_count":0,"footnotes":""},"categories":[13,1,68],"tags":[],"class_list":["post-1522","post","type-post","status-publish","format-standard","hentry","category-5e","category-general","category-grans"],"post_mailing_queue_ids":[],"_links":{"self":[{"href":"https:\/\/agora.xtec.cat\/ceiprivorubeo\/wp-json\/wp\/v2\/posts\/1522","targetHints":{"allow":["GET"]}}],"collection":[{"href":"https:\/\/agora.xtec.cat\/ceiprivorubeo\/wp-json\/wp\/v2\/posts"}],"about":[{"href":"https:\/\/agora.xtec.cat\/ceiprivorubeo\/wp-json\/wp\/v2\/types\/post"}],"author":[{"embeddable":true,"href":"https:\/\/agora.xtec.cat\/ceiprivorubeo\/wp-json\/wp\/v2\/users\/18"}],"replies":[{"embeddable":true,"href":"https:\/\/agora.xtec.cat\/ceiprivorubeo\/wp-json\/wp\/v2\/comments?post=1522"}],"version-history":[{"count":2,"href":"https:\/\/agora.xtec.cat\/ceiprivorubeo\/wp-json\/wp\/v2\/posts\/1522\/revisions"}],"predecessor-version":[{"id":1559,"href":"https:\/\/agora.xtec.cat\/ceiprivorubeo\/wp-json\/wp\/v2\/posts\/1522\/revisions\/1559"}],"wp:attachment":[{"href":"https:\/\/agora.xtec.cat\/ceiprivorubeo\/wp-json\/wp\/v2\/media?parent=1522"}],"wp:term":[{"taxonomy":"category","embeddable":true,"href":"https:\/\/agora.xtec.cat\/ceiprivorubeo\/wp-json\/wp\/v2\/categories?post=1522"},{"taxonomy":"post_tag","embeddable":true,"href":"https:\/\/agora.xtec.cat\/ceiprivorubeo\/wp-json\/wp\/v2\/tags?post=1522"}],"curies":[{"name":"wp","href":"https:\/\/api.w.org\/{rel}","templated":true}]}}