{"id":1449,"date":"2022-09-26T13:40:54","date_gmt":"2022-09-26T11:40:54","guid":{"rendered":"https:\/\/agora.xtec.cat\/ceiprivorubeo\/?p=1449"},"modified":"2022-09-27T10:31:12","modified_gmt":"2022-09-27T08:31:12","slug":"insectes-de-lhort","status":"publish","type":"post","link":"https:\/\/agora.xtec.cat\/ceiprivorubeo\/primaria\/mitjans\/2n\/insectes-de-lhort\/","title":{"rendered":"INSECTES DE L&#8217;HORT"},"content":{"rendered":"<p>Hola fam\u00edlies!<\/p>\n<p>Les classes de 1r estem decidint el nom de la classe. La tem\u00e0tica per aquest curs \u00e9s &#8220;<span style=\"color: #339966\"><strong>Insectes de l&#8217;hort<\/strong><\/span>&#8220;, per aix\u00f2 vam anar a visitar el nostre hort de l&#8217;escola a veure quins insectes trob\u00e0vem.<\/p>\n<p>Aquests van ser els insectes que vam veure o que coneix\u00edem de l&#8217;hort.<\/p>\n<p><em>Ens ajudeu a decidir-nos?<\/em><\/p>\n<p>&nbsp;<\/p>\n<p><a href=\"https:\/\/agora.xtec.cat\/ceiprivorubeo\/wp-content\/uploads\/usu2655\/2022\/09\/IMG_2267.jpg\"><img loading=\"lazy\" decoding=\"async\" class=\"size-medium wp-image-1450 aligncenter\" src=\"https:\/\/agora.xtec.cat\/ceiprivorubeo\/wp-content\/uploads\/usu2655\/2022\/09\/IMG_2267-210x300.jpg\" alt=\"\" width=\"210\" height=\"300\" srcset=\"https:\/\/agora.xtec.cat\/ceiprivorubeo\/wp-content\/uploads\/usu2655\/2022\/09\/IMG_2267-210x300.jpg 210w, https:\/\/agora.xtec.cat\/ceiprivorubeo\/wp-content\/uploads\/usu2655\/2022\/09\/IMG_2267-717x1024.jpg 717w, https:\/\/agora.xtec.cat\/ceiprivorubeo\/wp-content\/uploads\/usu2655\/2022\/09\/IMG_2267-768x1096.jpg 768w, https:\/\/agora.xtec.cat\/ceiprivorubeo\/wp-content\/uploads\/usu2655\/2022\/09\/IMG_2267-1076x1536.jpg 1076w, https:\/\/agora.xtec.cat\/ceiprivorubeo\/wp-content\/uploads\/usu2655\/2022\/09\/IMG_2267.jpg 1329w\" sizes=\"auto, (max-width: 210px) 100vw, 210px\" \/><br \/>\n<\/a><a href=\"https:\/\/agora.xtec.cat\/ceiprivorubeo\/wp-content\/uploads\/usu2655\/2022\/09\/IMG_2268.jpg\"><img loading=\"lazy\" decoding=\"async\" class=\"size-medium wp-image-1451 aligncenter\" src=\"https:\/\/agora.xtec.cat\/ceiprivorubeo\/wp-content\/uploads\/usu2655\/2022\/09\/IMG_2268-223x300.jpg\" alt=\"\" width=\"223\" height=\"300\" srcset=\"https:\/\/agora.xtec.cat\/ceiprivorubeo\/wp-content\/uploads\/usu2655\/2022\/09\/IMG_2268-223x300.jpg 223w, https:\/\/agora.xtec.cat\/ceiprivorubeo\/wp-content\/uploads\/usu2655\/2022\/09\/IMG_2268-762x1024.jpg 762w, https:\/\/agora.xtec.cat\/ceiprivorubeo\/wp-content\/uploads\/usu2655\/2022\/09\/IMG_2268-768x1032.jpg 768w, https:\/\/agora.xtec.cat\/ceiprivorubeo\/wp-content\/uploads\/usu2655\/2022\/09\/IMG_2268-1144x1536.jpg 1144w, https:\/\/agora.xtec.cat\/ceiprivorubeo\/wp-content\/uploads\/usu2655\/2022\/09\/IMG_2268.jpg 1422w\" sizes=\"auto, (max-width: 223px) 100vw, 223px\" \/><\/a><\/p>\n","protected":false},"excerpt":{"rendered":"<p>Hola fam\u00edlies!<br \/>\nLes classes de 1r estem decidint el nom de la classe. La tem\u00e0tica per aquest curs \u00e9s &#8220;Insectes de l&#8217;hort&#8220;, per aix\u00f2 vam anar a visitar el nostre hort de l&#8217;escola a veure quins insectes trob\u00e0vem.<br \/>\nAquests van ser els insectes que vam veure o&hellip;  <a href=\"https:\/\/agora.xtec.cat\/ceiprivorubeo\/primaria\/mitjans\/2n\/insectes-de-lhort\/\" title=\"Read INSECTES DE L&#8217;HORT\">Llegeix m\u00e9s\u00bb<\/a><\/p>\n","protected":false},"author":12,"featured_media":1452,"comment_status":"open","ping_status":"closed","sticky":false,"template":"","format":"standard","meta":{"_bbp_topic_count":0,"_bbp_reply_count":0,"_bbp_total_topic_count":0,"_bbp_total_reply_count":0,"_bbp_voice_count":0,"_bbp_anonymous_reply_count":0,"_bbp_topic_count_hidden":0,"_bbp_reply_count_hidden":0,"_bbp_forum_subforum_count":0,"footnotes":""},"categories":[10],"tags":[],"class_list":["post-1449","post","type-post","status-publish","format-standard","has-post-thumbnail","hentry","category-2n"],"post_mailing_queue_ids":[],"_links":{"self":[{"href":"https:\/\/agora.xtec.cat\/ceiprivorubeo\/wp-json\/wp\/v2\/posts\/1449","targetHints":{"allow":["GET"]}}],"collection":[{"href":"https:\/\/agora.xtec.cat\/ceiprivorubeo\/wp-json\/wp\/v2\/posts"}],"about":[{"href":"https:\/\/agora.xtec.cat\/ceiprivorubeo\/wp-json\/wp\/v2\/types\/post"}],"author":[{"embeddable":true,"href":"https:\/\/agora.xtec.cat\/ceiprivorubeo\/wp-json\/wp\/v2\/users\/12"}],"replies":[{"embeddable":true,"href":"https:\/\/agora.xtec.cat\/ceiprivorubeo\/wp-json\/wp\/v2\/comments?post=1449"}],"version-history":[{"count":4,"href":"https:\/\/agora.xtec.cat\/ceiprivorubeo\/wp-json\/wp\/v2\/posts\/1449\/revisions"}],"predecessor-version":[{"id":1457,"href":"https:\/\/agora.xtec.cat\/ceiprivorubeo\/wp-json\/wp\/v2\/posts\/1449\/revisions\/1457"}],"wp:featuredmedia":[{"embeddable":true,"href":"https:\/\/agora.xtec.cat\/ceiprivorubeo\/wp-json\/wp\/v2\/media\/1452"}],"wp:attachment":[{"href":"https:\/\/agora.xtec.cat\/ceiprivorubeo\/wp-json\/wp\/v2\/media?parent=1449"}],"wp:term":[{"taxonomy":"category","embeddable":true,"href":"https:\/\/agora.xtec.cat\/ceiprivorubeo\/wp-json\/wp\/v2\/categories?post=1449"},{"taxonomy":"post_tag","embeddable":true,"href":"https:\/\/agora.xtec.cat\/ceiprivorubeo\/wp-json\/wp\/v2\/tags?post=1449"}],"curies":[{"name":"wp","href":"https:\/\/api.w.org\/{rel}","templated":true}]}}