{"id":1395,"date":"2022-09-23T11:25:26","date_gmt":"2022-09-23T09:25:26","guid":{"rendered":"https:\/\/agora.xtec.cat\/ceiprivorubeo\/?p=1395"},"modified":"2022-09-27T14:31:07","modified_gmt":"2022-09-27T12:31:07","slug":"carta-al-meu-jo-del-futur","status":"publish","type":"post","link":"https:\/\/agora.xtec.cat\/ceiprivorubeo\/general\/carta-al-meu-jo-del-futur\/","title":{"rendered":"Carta al meu jo del futur"},"content":{"rendered":"<p>Hola fam\u00edlies,<\/p>\n<p>Aquestes primeres setmanes de setembre hem presentat el curs i ja hem comen\u00e7at a realitzar les primeres propostes relacionades amb els diferents \u00e0mbits, entre elles, \u201cla carta al meu jo del futur\u201d.<\/p>\n<p><a href=\"https:\/\/agora.xtec.cat\/ceiprivorubeo\/wp-content\/uploads\/usu2655\/2022\/09\/carta-scaled.jpg\"><img loading=\"lazy\" decoding=\"async\" class=\"alignnone wp-image-1402\" src=\"https:\/\/agora.xtec.cat\/ceiprivorubeo\/wp-content\/uploads\/usu2655\/2022\/09\/carta-1024x849.jpg\" alt=\"\" width=\"295\" height=\"245\" srcset=\"https:\/\/agora.xtec.cat\/ceiprivorubeo\/wp-content\/uploads\/usu2655\/2022\/09\/carta-1024x849.jpg 1024w, https:\/\/agora.xtec.cat\/ceiprivorubeo\/wp-content\/uploads\/usu2655\/2022\/09\/carta-300x250.jpg 300w, https:\/\/agora.xtec.cat\/ceiprivorubeo\/wp-content\/uploads\/usu2655\/2022\/09\/carta-768x637.jpg 768w, https:\/\/agora.xtec.cat\/ceiprivorubeo\/wp-content\/uploads\/usu2655\/2022\/09\/carta-1536x1273.jpg 1536w, https:\/\/agora.xtec.cat\/ceiprivorubeo\/wp-content\/uploads\/usu2655\/2022\/09\/carta-2048x1698.jpg 2048w\" sizes=\"auto, (max-width: 295px) 100vw, 295px\" \/><\/a>\u00a0 \u00a0 <a href=\"https:\/\/agora.xtec.cat\/ceiprivorubeo\/wp-content\/uploads\/usu2655\/2022\/09\/Sense-titol-scaled.jpg\"><img loading=\"lazy\" decoding=\"async\" class=\"alignnone wp-image-1401\" src=\"https:\/\/agora.xtec.cat\/ceiprivorubeo\/wp-content\/uploads\/usu2655\/2022\/09\/Sense-titol-1024x908.jpg\" alt=\"\" width=\"275\" height=\"243\" srcset=\"https:\/\/agora.xtec.cat\/ceiprivorubeo\/wp-content\/uploads\/usu2655\/2022\/09\/Sense-titol-1024x908.jpg 1024w, https:\/\/agora.xtec.cat\/ceiprivorubeo\/wp-content\/uploads\/usu2655\/2022\/09\/Sense-titol-300x266.jpg 300w, https:\/\/agora.xtec.cat\/ceiprivorubeo\/wp-content\/uploads\/usu2655\/2022\/09\/Sense-titol-768x681.jpg 768w, https:\/\/agora.xtec.cat\/ceiprivorubeo\/wp-content\/uploads\/usu2655\/2022\/09\/Sense-titol-1536x1362.jpg 1536w, https:\/\/agora.xtec.cat\/ceiprivorubeo\/wp-content\/uploads\/usu2655\/2022\/09\/Sense-titol-2048x1815.jpg 2048w\" sizes=\"auto, (max-width: 275px) 100vw, 275px\" \/><\/a><\/p>\n<p>En aquesta proposta, cada alumne\/a havia d\u2019escriure\u2019s una carta a ell\/a mateix\/a, contestant a diverses preguntes guia que tenien a la seva base d\u2019orientaci\u00f3, com ara: com est\u00e0s? Qu\u00e8 vols aprendre? Quines expectatives tens per aquest curs?, etc. D&#8217;aquesta manera posaven a prova les seves habilitats d&#8217;expressi\u00f3 escrita i alhora es dedicaven unes paraules de cara al final de curs.<\/p>\n","protected":false},"excerpt":{"rendered":"<p>Hola fam\u00edlies,<br \/>\nAquestes primeres setmanes de setembre hem presentat el curs i ja hem comen\u00e7at a realitzar les primeres propostes relacionades amb els diferents \u00e0mbits, entre elles, \u201cla carta al meu jo del futur\u201d.<br \/>\n<a href=\"https:\/\/agora.xtec.cat\/ceiprivorubeo\/wp-content\/uploads\/usu2655\/2022\/09\/carta-scaled.jpg\"><\/a>\u00a0 \u00a0 <a href=\"https:\/\/agora.xtec.cat\/ceiprivorubeo\/wp-content\/uploads\/usu2655\/2022\/09\/Sense-titol-scaled.jpg\"><\/a><br \/>\nEn aquesta proposta, cada alumne\/a havia d\u2019escriure\u2019s una carta&hellip;  <a href=\"https:\/\/agora.xtec.cat\/ceiprivorubeo\/general\/carta-al-meu-jo-del-futur\/\" title=\"Read Carta al meu jo del futur\">Llegeix m\u00e9s\u00bb<\/a><\/p>\n","protected":false},"author":21,"featured_media":1402,"comment_status":"open","ping_status":"closed","sticky":false,"template":"","format":"standard","meta":{"_bbp_topic_count":0,"_bbp_reply_count":0,"_bbp_total_topic_count":0,"_bbp_total_reply_count":0,"_bbp_voice_count":0,"_bbp_anonymous_reply_count":0,"_bbp_topic_count_hidden":0,"_bbp_reply_count_hidden":0,"_bbp_forum_subforum_count":0,"footnotes":""},"categories":[1,15],"tags":[],"class_list":["post-1395","post","type-post","status-publish","format-standard","has-post-thumbnail","hentry","category-general","category-promocio-2014-2023"],"post_mailing_queue_ids":[],"_links":{"self":[{"href":"https:\/\/agora.xtec.cat\/ceiprivorubeo\/wp-json\/wp\/v2\/posts\/1395","targetHints":{"allow":["GET"]}}],"collection":[{"href":"https:\/\/agora.xtec.cat\/ceiprivorubeo\/wp-json\/wp\/v2\/posts"}],"about":[{"href":"https:\/\/agora.xtec.cat\/ceiprivorubeo\/wp-json\/wp\/v2\/types\/post"}],"author":[{"embeddable":true,"href":"https:\/\/agora.xtec.cat\/ceiprivorubeo\/wp-json\/wp\/v2\/users\/21"}],"replies":[{"embeddable":true,"href":"https:\/\/agora.xtec.cat\/ceiprivorubeo\/wp-json\/wp\/v2\/comments?post=1395"}],"version-history":[{"count":3,"href":"https:\/\/agora.xtec.cat\/ceiprivorubeo\/wp-json\/wp\/v2\/posts\/1395\/revisions"}],"predecessor-version":[{"id":1423,"href":"https:\/\/agora.xtec.cat\/ceiprivorubeo\/wp-json\/wp\/v2\/posts\/1395\/revisions\/1423"}],"wp:featuredmedia":[{"embeddable":true,"href":"https:\/\/agora.xtec.cat\/ceiprivorubeo\/wp-json\/wp\/v2\/media\/1402"}],"wp:attachment":[{"href":"https:\/\/agora.xtec.cat\/ceiprivorubeo\/wp-json\/wp\/v2\/media?parent=1395"}],"wp:term":[{"taxonomy":"category","embeddable":true,"href":"https:\/\/agora.xtec.cat\/ceiprivorubeo\/wp-json\/wp\/v2\/categories?post=1395"},{"taxonomy":"post_tag","embeddable":true,"href":"https:\/\/agora.xtec.cat\/ceiprivorubeo\/wp-json\/wp\/v2\/tags?post=1395"}],"curies":[{"name":"wp","href":"https:\/\/api.w.org\/{rel}","templated":true}]}}