{"id":1374,"date":"2022-09-16T14:18:43","date_gmt":"2022-09-16T12:18:43","guid":{"rendered":"https:\/\/agora.xtec.cat\/ceiprivorubeo\/?p=1374"},"modified":"2022-09-16T14:20:05","modified_gmt":"2022-09-16T12:20:05","slug":"potser-tinteressa-caminada-nocturna","status":"publish","type":"post","link":"https:\/\/agora.xtec.cat\/ceiprivorubeo\/general\/potser-tinteressa-caminada-nocturna\/","title":{"rendered":"Potser t&#8217;interessa. Caminada nocturna"},"content":{"rendered":"<p>El dia 8 d&#8217;octubre torna la caminada nocturna organitzada pel Centre Excursionista de Rub\u00ed.<\/p>\n<p>Aquest any recorrer\u00e0 l&#8217;entorn de Can Serrafoss\u00e0 i comen\u00e7ar\u00e0 i acabar\u00e0 a la nostra escola!<\/p>\n<p>Podeu llegir-ne m\u00e9s detalls i saber com es faran les inscripcions a la <a href=\"http:\/\/www.rubicer.cat\/2021\/09\/17\/caminada-nocturna-de-rubi\/\">web de la Caminada.<\/a><\/p>\n<p>Tamb\u00e9 trobareu informaci\u00f3 en aquesta not\u00edcia del <a href=\"https:\/\/www.totrubi.cat\/actualitat\/societat\/caminada-nocturna-2022-recorrera-entorn-natural-can-serrafossa_2172329102.html\">Tot Rub\u00ed.<\/a><\/p>\n","protected":false},"excerpt":{"rendered":"<p>El dia 8 d&#8217;octubre torna la caminada nocturna organitzada pel Centre Excursionista de Rub\u00ed.<br \/>\nAquest any recorrer\u00e0 l&#8217;entorn de Can Serrafoss\u00e0 i comen\u00e7ar\u00e0 i acabar\u00e0 a la nostra escola!<br \/>\nPodeu llegir-ne m\u00e9s detalls i saber com es faran les inscripcions a la <a href=\"http:\/\/www.rubicer.cat\/2021\/09\/17\/caminada-nocturna-de-rubi\/\">web de la Caminada.<\/a><br \/>\nTamb\u00e9&hellip;  <a href=\"https:\/\/agora.xtec.cat\/ceiprivorubeo\/general\/potser-tinteressa-caminada-nocturna\/\" title=\"Read Potser t&#8217;interessa. Caminada nocturna\">Llegeix m\u00e9s\u00bb<\/a><\/p>\n","protected":false},"author":1,"featured_media":1376,"comment_status":"closed","ping_status":"closed","sticky":false,"template":"","format":"standard","meta":{"_bbp_topic_count":0,"_bbp_reply_count":0,"_bbp_total_topic_count":0,"_bbp_total_reply_count":0,"_bbp_voice_count":0,"_bbp_anonymous_reply_count":0,"_bbp_topic_count_hidden":0,"_bbp_reply_count_hidden":0,"_bbp_forum_subforum_count":0,"footnotes":""},"categories":[1,77,86],"tags":[],"class_list":["post-1374","post","type-post","status-publish","format-standard","has-post-thumbnail","hentry","category-general","category-informacions-publicades","category-potser-tinteressa"],"post_mailing_queue_ids":[],"_links":{"self":[{"href":"https:\/\/agora.xtec.cat\/ceiprivorubeo\/wp-json\/wp\/v2\/posts\/1374","targetHints":{"allow":["GET"]}}],"collection":[{"href":"https:\/\/agora.xtec.cat\/ceiprivorubeo\/wp-json\/wp\/v2\/posts"}],"about":[{"href":"https:\/\/agora.xtec.cat\/ceiprivorubeo\/wp-json\/wp\/v2\/types\/post"}],"author":[{"embeddable":true,"href":"https:\/\/agora.xtec.cat\/ceiprivorubeo\/wp-json\/wp\/v2\/users\/1"}],"replies":[{"embeddable":true,"href":"https:\/\/agora.xtec.cat\/ceiprivorubeo\/wp-json\/wp\/v2\/comments?post=1374"}],"version-history":[{"count":1,"href":"https:\/\/agora.xtec.cat\/ceiprivorubeo\/wp-json\/wp\/v2\/posts\/1374\/revisions"}],"predecessor-version":[{"id":1377,"href":"https:\/\/agora.xtec.cat\/ceiprivorubeo\/wp-json\/wp\/v2\/posts\/1374\/revisions\/1377"}],"wp:featuredmedia":[{"embeddable":true,"href":"https:\/\/agora.xtec.cat\/ceiprivorubeo\/wp-json\/wp\/v2\/media\/1376"}],"wp:attachment":[{"href":"https:\/\/agora.xtec.cat\/ceiprivorubeo\/wp-json\/wp\/v2\/media?parent=1374"}],"wp:term":[{"taxonomy":"category","embeddable":true,"href":"https:\/\/agora.xtec.cat\/ceiprivorubeo\/wp-json\/wp\/v2\/categories?post=1374"},{"taxonomy":"post_tag","embeddable":true,"href":"https:\/\/agora.xtec.cat\/ceiprivorubeo\/wp-json\/wp\/v2\/tags?post=1374"}],"curies":[{"name":"wp","href":"https:\/\/api.w.org\/{rel}","templated":true}]}}