{"id":1269,"date":"2022-09-12T12:08:37","date_gmt":"2022-09-12T10:08:37","guid":{"rendered":"https:\/\/agora.xtec.cat\/ceiprivorubeo\/?p=1269"},"modified":"2022-09-12T12:24:45","modified_gmt":"2022-09-12T10:24:45","slug":"primera-setmana-a-4t-ja-estem-al-cicle-de-grans","status":"publish","type":"post","link":"https:\/\/agora.xtec.cat\/ceiprivorubeo\/general\/primera-setmana-a-4t-ja-estem-al-cicle-de-grans\/","title":{"rendered":"Primera setmana a 4t. Ja estem al cicle de Grans!"},"content":{"rendered":"<p>Al llarg d\u00b4aquesta setmana hem comen\u00e7at a fer activitats diverses per retrobar-nos tots i totes. Tamb\u00e9 hem organitzat els nous materials i espais i hem explicat qu\u00e8 hem fet al llarg de l\u00b4estiu.<\/p>\n<p>&nbsp;<\/p>\n<table style=\"height: 68px; width: 53.9521%; border-collapse: collapse; border-style: none; background-color: #ffffff; border-color: #ffffff;\">\n<tbody>\n<tr style=\"height: 34px;\">\n<td style=\"width: 50%; height: 34px;\">\n<p><figure class=\"figure wp-caption alignleft\"><a href=\"https:\/\/agora.xtec.cat\/ceiprivorubeo\/wp-content\/uploads\/usu2655\/2022\/09\/IMG_9837.jpg\"><img loading=\"lazy\" decoding=\"async\" class=\"wp-image-1270\" src=\"https:\/\/agora.xtec.cat\/ceiprivorubeo\/wp-content\/uploads\/usu2655\/2022\/09\/IMG_9837.jpg\" alt=\"\" width=\"164\" height=\"200\" srcset=\"https:\/\/agora.xtec.cat\/ceiprivorubeo\/wp-content\/uploads\/usu2655\/2022\/09\/IMG_9837.jpg 525w, https:\/\/agora.xtec.cat\/ceiprivorubeo\/wp-content\/uploads\/usu2655\/2022\/09\/IMG_9837-246x300.jpg 246w\" sizes=\"auto, (max-width: 164px) 100vw, 164px\" \/><\/a><figcaption class=\"wp-caption-text\">Un moment de treball a l&#8217;aula.<\/figcaption><\/figure><\/td>\n<td style=\"width: 50%; height: 68px;\" rowspan=\"2\">\n<p><figure class=\"figure wp-caption alignleft\"><a href=\"https:\/\/agora.xtec.cat\/ceiprivorubeo\/wp-content\/uploads\/usu2655\/2022\/09\/IMG_9840.jpg\"><img loading=\"lazy\" decoding=\"async\" class=\"wp-image-1274\" src=\"https:\/\/agora.xtec.cat\/ceiprivorubeo\/wp-content\/uploads\/usu2655\/2022\/09\/IMG_9840.jpg\" alt=\"\" width=\"147\" height=\"482\" \/><\/a><figcaption class=\"wp-caption-text\">Fem una cartellera molt art\u00edstica<\/figcaption><\/figure><\/td>\n<\/tr>\n<tr style=\"height: 34px;\">\n<td style=\"width: 50%; height: 34px;\">\n<figure class=\"figure wp-caption alignleft\"><a href=\"https:\/\/agora.xtec.cat\/ceiprivorubeo\/wp-content\/uploads\/usu2655\/2022\/09\/IMG_9839-1.jpg\"><img loading=\"lazy\" decoding=\"async\" class=\"wp-image-1272\" src=\"https:\/\/agora.xtec.cat\/ceiprivorubeo\/wp-content\/uploads\/usu2655\/2022\/09\/IMG_9839-1.jpg\" alt=\"\" width=\"164\" height=\"218\" srcset=\"https:\/\/agora.xtec.cat\/ceiprivorubeo\/wp-content\/uploads\/usu2655\/2022\/09\/IMG_9839-1.jpg 480w, https:\/\/agora.xtec.cat\/ceiprivorubeo\/wp-content\/uploads\/usu2655\/2022\/09\/IMG_9839-1-225x300.jpg 225w\" sizes=\"auto, (max-width: 164px) 100vw, 164px\" \/><\/a><figcaption class=\"wp-caption-text\">Les nostres salutacions quan entrem a l\u00b4aula.<\/figcaption><\/figure>\n<p>&nbsp;<\/p>\n<p>&nbsp;<\/p>\n<div class=\"mceTemp\"><\/div>\n<p>&nbsp;<\/p>\n<p>&nbsp;<\/p>\n<p>&nbsp;<\/p>\n<p>&nbsp;<\/td>\n<\/tr>\n<\/tbody>\n<\/table>\n","protected":false},"excerpt":{"rendered":"<p>Al llarg d\u00b4aquesta setmana hem comen\u00e7at a fer activitats diverses per retrobar-nos tots i totes. Tamb\u00e9 hem organitzat els nous materials i espais i hem explicat qu\u00e8 hem fet al llarg de l\u00b4estiu.<br \/>\n&nbsp;<\/p>\n<p><a href=\"https:\/\/agora.xtec.cat\/ceiprivorubeo\/wp-content\/uploads\/usu2655\/2022\/09\/IMG_9837.jpg\"><\/a>Un moment de treball a l&#8217;aula.<\/p>\n<p><a href=\"https:\/\/agora.xtec.cat\/ceiprivorubeo\/wp-content\/uploads\/usu2655\/2022\/09\/IMG_9840.jpg\"><\/a>Fem una cartellera molt art\u00edstica<\/p>\n<p><a href=\"https:\/\/agora.xtec.cat\/ceiprivorubeo\/wp-content\/uploads\/usu2655\/2022\/09\/IMG_9839-1.jpg\"><\/a>Les&hellip;  <a href=\"https:\/\/agora.xtec.cat\/ceiprivorubeo\/general\/primera-setmana-a-4t-ja-estem-al-cicle-de-grans\/\" title=\"Read Primera setmana a 4t. Ja estem al cicle de Grans!\">Llegeix m\u00e9s\u00bb<\/a><\/p>\n","protected":false},"author":18,"featured_media":1270,"comment_status":"open","ping_status":"closed","sticky":false,"template":"","format":"standard","meta":{"_bbp_topic_count":0,"_bbp_reply_count":0,"_bbp_total_topic_count":0,"_bbp_total_reply_count":0,"_bbp_voice_count":0,"_bbp_anonymous_reply_count":0,"_bbp_topic_count_hidden":0,"_bbp_reply_count_hidden":0,"_bbp_forum_subforum_count":0,"footnotes":""},"categories":[13,1],"tags":[],"class_list":["post-1269","post","type-post","status-publish","format-standard","has-post-thumbnail","hentry","category-5e","category-general"],"post_mailing_queue_ids":[],"_links":{"self":[{"href":"https:\/\/agora.xtec.cat\/ceiprivorubeo\/wp-json\/wp\/v2\/posts\/1269","targetHints":{"allow":["GET"]}}],"collection":[{"href":"https:\/\/agora.xtec.cat\/ceiprivorubeo\/wp-json\/wp\/v2\/posts"}],"about":[{"href":"https:\/\/agora.xtec.cat\/ceiprivorubeo\/wp-json\/wp\/v2\/types\/post"}],"author":[{"embeddable":true,"href":"https:\/\/agora.xtec.cat\/ceiprivorubeo\/wp-json\/wp\/v2\/users\/18"}],"replies":[{"embeddable":true,"href":"https:\/\/agora.xtec.cat\/ceiprivorubeo\/wp-json\/wp\/v2\/comments?post=1269"}],"version-history":[{"count":3,"href":"https:\/\/agora.xtec.cat\/ceiprivorubeo\/wp-json\/wp\/v2\/posts\/1269\/revisions"}],"predecessor-version":[{"id":1320,"href":"https:\/\/agora.xtec.cat\/ceiprivorubeo\/wp-json\/wp\/v2\/posts\/1269\/revisions\/1320"}],"wp:featuredmedia":[{"embeddable":true,"href":"https:\/\/agora.xtec.cat\/ceiprivorubeo\/wp-json\/wp\/v2\/media\/1270"}],"wp:attachment":[{"href":"https:\/\/agora.xtec.cat\/ceiprivorubeo\/wp-json\/wp\/v2\/media?parent=1269"}],"wp:term":[{"taxonomy":"category","embeddable":true,"href":"https:\/\/agora.xtec.cat\/ceiprivorubeo\/wp-json\/wp\/v2\/categories?post=1269"},{"taxonomy":"post_tag","embeddable":true,"href":"https:\/\/agora.xtec.cat\/ceiprivorubeo\/wp-json\/wp\/v2\/tags?post=1269"}],"curies":[{"name":"wp","href":"https:\/\/api.w.org\/{rel}","templated":true}]}}