{"id":1106,"date":"2024-09-01T19:26:36","date_gmt":"2024-09-01T17:26:36","guid":{"rendered":"https:\/\/agora.xtec.cat\/ceiprivorubeo\/?p=1106"},"modified":"2024-09-11T21:59:22","modified_gmt":"2024-09-11T19:59:22","slug":"informacio-adjudicacio-beques-menjador","status":"publish","type":"post","link":"https:\/\/agora.xtec.cat\/ceiprivorubeo\/portada\/informacio-adjudicacio-beques-menjador\/","title":{"rendered":"Informaci\u00f3 adjudicaci\u00f3 beques menjador Curs 24-25"},"content":{"rendered":"<p>Des del servei de menjador i l&#8217;administraci\u00f3 de l&#8217;escola, durant aquesta setmana, ens estem posant en contacte amb les fam\u00edlies que van demanar la beca de menjador per informar si se&#8217;ls ha adjudicat o no.<\/p>\n<p>En cas de voler fer alguna consulta o reclamaci\u00f3 podeu fer-ho en aquest correu:<\/p>\n<p><b><i><a href=\"mailto:bequesmenjador@ajrubi.cat\" target=\"_blank\" rel=\"noopener\">bequesmenjador@ajrubi.cat<\/a><\/i><\/b><\/p>\n","protected":false},"excerpt":{"rendered":"<p>Per a m\u00e9s informaci\u00f3, cliqueu al t\u00edtol o a \u201cLlegeix m\u00e9s\u2026\u201d&hellip;  <a href=\"https:\/\/agora.xtec.cat\/ceiprivorubeo\/portada\/informacio-adjudicacio-beques-menjador\/\" title=\"Read Informaci\u00f3 adjudicaci\u00f3 beques menjador Curs 24-25\">Llegeix m\u00e9s\u00bb<\/a><\/p>\n","protected":false},"author":1,"featured_media":4252,"comment_status":"closed","ping_status":"closed","sticky":false,"template":"","format":"standard","meta":{"_bbp_topic_count":0,"_bbp_reply_count":0,"_bbp_total_topic_count":0,"_bbp_total_reply_count":0,"_bbp_voice_count":0,"_bbp_anonymous_reply_count":0,"_bbp_topic_count_hidden":0,"_bbp_reply_count_hidden":0,"_bbp_forum_subforum_count":0,"footnotes":""},"categories":[79,77,4],"tags":[],"class_list":["post-1106","post","type-post","status-publish","format-standard","has-post-thumbnail","hentry","category-informacio-inici-de-curs-i-organitzacio-mes-de-setembre","category-informacions-publicades","category-portada"],"post_mailing_queue_ids":[],"_links":{"self":[{"href":"https:\/\/agora.xtec.cat\/ceiprivorubeo\/wp-json\/wp\/v2\/posts\/1106","targetHints":{"allow":["GET"]}}],"collection":[{"href":"https:\/\/agora.xtec.cat\/ceiprivorubeo\/wp-json\/wp\/v2\/posts"}],"about":[{"href":"https:\/\/agora.xtec.cat\/ceiprivorubeo\/wp-json\/wp\/v2\/types\/post"}],"author":[{"embeddable":true,"href":"https:\/\/agora.xtec.cat\/ceiprivorubeo\/wp-json\/wp\/v2\/users\/1"}],"replies":[{"embeddable":true,"href":"https:\/\/agora.xtec.cat\/ceiprivorubeo\/wp-json\/wp\/v2\/comments?post=1106"}],"version-history":[{"count":4,"href":"https:\/\/agora.xtec.cat\/ceiprivorubeo\/wp-json\/wp\/v2\/posts\/1106\/revisions"}],"predecessor-version":[{"id":4253,"href":"https:\/\/agora.xtec.cat\/ceiprivorubeo\/wp-json\/wp\/v2\/posts\/1106\/revisions\/4253"}],"wp:featuredmedia":[{"embeddable":true,"href":"https:\/\/agora.xtec.cat\/ceiprivorubeo\/wp-json\/wp\/v2\/media\/4252"}],"wp:attachment":[{"href":"https:\/\/agora.xtec.cat\/ceiprivorubeo\/wp-json\/wp\/v2\/media?parent=1106"}],"wp:term":[{"taxonomy":"category","embeddable":true,"href":"https:\/\/agora.xtec.cat\/ceiprivorubeo\/wp-json\/wp\/v2\/categories?post=1106"},{"taxonomy":"post_tag","embeddable":true,"href":"https:\/\/agora.xtec.cat\/ceiprivorubeo\/wp-json\/wp\/v2\/tags?post=1106"}],"curies":[{"name":"wp","href":"https:\/\/api.w.org\/{rel}","templated":true}]}}