{"id":1091,"date":"2025-09-06T14:30:15","date_gmt":"2025-09-06T12:30:15","guid":{"rendered":"https:\/\/agora.xtec.cat\/ceiprivorubeo\/?p=1091"},"modified":"2025-09-30T13:07:27","modified_gmt":"2025-09-30T11:07:27","slug":"tutories-curs-2023-2024","status":"publish","type":"post","link":"https:\/\/agora.xtec.cat\/ceiprivorubeo\/portada\/tutories-curs-2023-2024\/","title":{"rendered":"Tutories curs 2025-2026 i correus de contacte."},"content":{"rendered":"<p>Benvolgudes fam\u00edlies,<\/p>\n<p>Arrenca un nou curs ple de novetats. El pr\u00f2xim dia 8 us esperem amb la il\u00b7lusi\u00f3 de retrobar-nos i comen\u00e7ar a viure noves aventures!<\/p>\n<p>Us avancem la relaci\u00f3 de les tutories d&#8217;aquest curs que estem a punt de comen\u00e7ar. Tamb\u00e9 us facilitem el correu electr\u00f2nic de cada tutoria.<\/p>\n<p><span style=\"text-decoration: underline;\"><strong>PETITS<\/strong><\/span><\/p>\n<ul style=\"list-style-type: circle;\">\n<li>EI3: L\u00eddia And\u00fajar <a style=\"font-family: inherit; font-size: 1em;\" href=\"mailto:ei3.a@rivorubeo.cat\">ei3.a@rivorubeo.cat<\/a><\/li>\n<\/ul>\n<ul style=\"list-style-type: circle;\">\n<li>EI4A:Diana contreras <a style=\"font-family: inherit; font-size: 1em;\" href=\"mailto:ei4.a@rivorubeo.cat\">ei4.a@rivorubeo.cat<\/a><\/li>\n<li>EI4B: Maite Alaminos <a style=\"font-family: inherit; font-size: 1em;\" href=\"mailto:ei4.b@rivorubeo.cat\">ei4.b@rivorubeo.cat<\/a><\/li>\n<li>EI5A: Gl\u00f2ria Bartolom\u00e9 i Laura Pardo <a style=\"font-family: inherit; font-size: 1em;\" href=\"mailto:ei5.a@rivorubeo.cat\">ei5.a@rivorubeo.cat<\/a><\/li>\n<li>EI5B: Anna Maranges <a style=\"font-family: inherit; font-size: 1em;\" href=\"mailto:ei5.b@rivorubeo.cat\">ei5.b@rivorubeo.cat<\/a><\/li>\n<li>TEEI: Patry Corbera i Estibalitz Revuelta<\/li>\n<li>Suport Petits: Ge\u00f2rgia Navarro<\/li>\n<\/ul>\n<p><span style=\"text-decoration: underline;\"><strong>MITJANS<\/strong><\/span><\/p>\n<ul>\n<li>1A: Montse Cabestany <a style=\"font-family: inherit; font-size: 1em;\" href=\"mailto:primer.a@rivorubeo.cat\">primer.a@rivorubeo.cat<\/a><\/li>\n<li>1B: Claudette Luce\u00f1o <a style=\"font-family: inherit; font-size: 1em;\" href=\"mailto:primer.b@rivorubeo.cat\">primer.b@rivorubeo.cat<\/a><\/li>\n<li>2A: S\u00edlvia de la Rosa <a style=\"font-family: inherit; font-size: 1em;\" href=\"mailto:segon.a@rivorubeo.cat\">segon.a@rivorubeo.cat<\/a><\/li>\n<li>2B:\u00a0 Yvan Dossin <a style=\"font-family: inherit; font-size: 1em;\" href=\"mailto:segon.b@rivorubeo.cat\">segon.b@rivorubeo.cat<\/a><\/li>\n<li>3A:\u00a0 Raquel C\u00e1diz <a style=\"font-family: inherit; font-size: 1em;\" href=\"mailto:tercer.a@rivorubeo.cat\">tercer.a@rivorubeo.cat<\/a><\/li>\n<li>3B: Lorena Andreu i Roger Mu\u00f1oz <a style=\"font-family: inherit; font-size: 1em;\" href=\"mailto:tercer.b@rivorubeo.cat\">tercer.b@rivorubeo.cat<\/a><\/li>\n<li>Mestre de m\u00fasica: Marcel Cuadrado<\/li>\n<li>Mestre d&#8217;angl\u00e8s: Rebeca Mart\u00edn<\/li>\n<li>Mestres d&#8217;educaci\u00f3 f\u00edsica: Roger Mu\u00f1oz i Abel Teixidor<\/li>\n<\/ul>\n<p><span style=\"text-decoration: underline;\"><strong>GRANS:<\/strong><\/span><\/p>\n<ul>\n<li>4A: Sarai Hermoso <a href=\"mailto:quart.a@rivorubeo.cat\">quart.a@rivorubeo.cat<\/a><\/li>\n<li>4B: N\u00faria Mart\u00ednez i M\u00aa Jes\u00fas Arce <a style=\"font-family: inherit; font-size: 1em;\" href=\"mailto:quart.b@rivorubeo.cat\">quart.b@rivorubeo.cat<\/a><\/li>\n<li>5A: Chema Gracia <a style=\"font-family: inherit; font-size: 1em;\" href=\"mailto:cinque.a@rivorubeo.cat\">cinque.a@rivorubeo.cat<\/a><\/li>\n<li>5B: Bea Mart\u00edn <a style=\"font-family: inherit; font-size: 1em;\" href=\"mailto:cinque.b@rivorubeo.cat\">cinque.b@rivorubeo.cat<\/a><\/li>\n<li>6A: Anna Juanola \u00a0<a style=\"font-family: inherit; font-size: 1em;\" href=\"mailto:sise.a@rivorubeo.cat\">sise.a@rivorubeo.cat<\/a><\/li>\n<li>6B: Esther Rodr\u00edguez <a style=\"font-family: inherit; font-size: 1em;\" href=\"mailto:sise.b@rivorube.cat\">sise.b@rivorubeo.cat<\/a><\/li>\n<li>Mestre de M\u00fasica: Marcel Cuadrado<\/li>\n<li>Mestres d&#8217;educaci\u00f3 f\u00edsica: Abel Teixidor i Roger Mu\u00f1oz<\/li>\n<li>Mestra d&#8217;angl\u00e8s: Sonia Sola<\/li>\n<\/ul>\n<p>Equip Mesi:<\/p>\n<p>Clara Plaja <a href=\"mailto:diversitatclara@rivorubeo.cat\">diversitatclara@rivorubeo.cat<\/a><\/p>\n<p>Aurora Flor <a href=\"diversitataurora@rivorubeo.cat\">diversitataurora<\/a>@rivorubeo.cat<\/p>\n<p>Ana\u00efs Torrell<\/p>\n<p>Jorge Villalba<\/p>\n<p>Educadores: S\u00f2nia Carmona i Alba Aranda<\/p>\n<p>Directora: Cristina Mart\u00ednez <a href=\"mailto:escola@rivorubeo.cat\">escola@rivorubeo.cat\u00a0<\/a><\/p>\n<p>Cap d&#8217;estudis: Vero Suazo <a href=\"mailto:capdestudis@rivorubeo.cat\">capdestudis@rivorubeo.cat\u00a0<\/a><\/p>\n<p>Secret\u00e0ria: Patri Toledano <a href=\"mailto:secretaria@rivorubeo.cat\">secretaria@rivorubeo.cat<\/a><\/p>\n","protected":false},"excerpt":{"rendered":"<p>Per a m\u00e9s informaci\u00f3, cliqueu al t\u00edtol o a \u201cLlegeix m\u00e9s\u2026\u201d&hellip;  <a href=\"https:\/\/agora.xtec.cat\/ceiprivorubeo\/portada\/tutories-curs-2023-2024\/\" title=\"Read Tutories curs 2025-2026 i correus de contacte.\">Llegeix m\u00e9s\u00bb<\/a><\/p>\n","protected":false},"author":1,"featured_media":4894,"comment_status":"closed","ping_status":"closed","sticky":false,"template":"","format":"standard","meta":{"_bbp_topic_count":0,"_bbp_reply_count":0,"_bbp_total_topic_count":0,"_bbp_total_reply_count":0,"_bbp_voice_count":0,"_bbp_anonymous_reply_count":0,"_bbp_topic_count_hidden":0,"_bbp_reply_count_hidden":0,"_bbp_forum_subforum_count":0,"footnotes":""},"categories":[65,78,79,77,4],"tags":[],"class_list":["post-1091","post","type-post","status-publish","format-standard","has-post-thumbnail","hentry","category-butlleti","category-butlletins-publicats","category-informacio-inici-de-curs-i-organitzacio-mes-de-setembre","category-informacions-publicades","category-portada"],"post_mailing_queue_ids":[],"_links":{"self":[{"href":"https:\/\/agora.xtec.cat\/ceiprivorubeo\/wp-json\/wp\/v2\/posts\/1091","targetHints":{"allow":["GET"]}}],"collection":[{"href":"https:\/\/agora.xtec.cat\/ceiprivorubeo\/wp-json\/wp\/v2\/posts"}],"about":[{"href":"https:\/\/agora.xtec.cat\/ceiprivorubeo\/wp-json\/wp\/v2\/types\/post"}],"author":[{"embeddable":true,"href":"https:\/\/agora.xtec.cat\/ceiprivorubeo\/wp-json\/wp\/v2\/users\/1"}],"replies":[{"embeddable":true,"href":"https:\/\/agora.xtec.cat\/ceiprivorubeo\/wp-json\/wp\/v2\/comments?post=1091"}],"version-history":[{"count":6,"href":"https:\/\/agora.xtec.cat\/ceiprivorubeo\/wp-json\/wp\/v2\/posts\/1091\/revisions"}],"predecessor-version":[{"id":4861,"href":"https:\/\/agora.xtec.cat\/ceiprivorubeo\/wp-json\/wp\/v2\/posts\/1091\/revisions\/4861"}],"wp:featuredmedia":[{"embeddable":true,"href":"https:\/\/agora.xtec.cat\/ceiprivorubeo\/wp-json\/wp\/v2\/media\/4894"}],"wp:attachment":[{"href":"https:\/\/agora.xtec.cat\/ceiprivorubeo\/wp-json\/wp\/v2\/media?parent=1091"}],"wp:term":[{"taxonomy":"category","embeddable":true,"href":"https:\/\/agora.xtec.cat\/ceiprivorubeo\/wp-json\/wp\/v2\/categories?post=1091"},{"taxonomy":"post_tag","embeddable":true,"href":"https:\/\/agora.xtec.cat\/ceiprivorubeo\/wp-json\/wp\/v2\/tags?post=1091"}],"curies":[{"name":"wp","href":"https:\/\/api.w.org\/{rel}","templated":true}]}}