{"id":1085,"date":"2022-07-08T13:12:54","date_gmt":"2022-07-08T11:12:54","guid":{"rendered":"https:\/\/agora.xtec.cat\/ceiprivorubeo\/?p=1085"},"modified":"2022-09-09T14:44:12","modified_gmt":"2022-09-09T12:44:12","slug":"servei-de-lleure-al-setembre","status":"publish","type":"post","link":"https:\/\/agora.xtec.cat\/ceiprivorubeo\/general\/servei-de-lleure-al-setembre\/","title":{"rendered":"Servei de lleure al setembre"},"content":{"rendered":"<p>Benvolgudes fam\u00edlies,<\/p>\n<p>Com ja sabeu, el proper curs s&#8217;inicia el proper 5 de setembre.<\/p>\n<p>Durant tot el mes, l&#8217;horari lectiu ser\u00e0 de jornada intesiva. El Departament d\u2019Educaci\u00f3 ha previst que durant el mes de setembre els centres programin activitats de lleure educatiu en la franja hor\u00e0ria de tarda per a tot l\u2019alumnat. Aquestes activitats seran gratu\u00eftes i promouran el treball d\u2019habilitats cognitives, socials i emocionals.<\/p>\n<p>Per tant i resumint:<\/p>\n<ul>\n<li>L&#8217;<strong>horari lectiu<\/strong> ser\u00e0 de 9h a 13h.<\/li>\n<li>El <strong>servei de menjador<\/strong> tindr\u00e0 lloc de 13h a 15:30h.<\/li>\n<li>S&#8217;ofereix una <strong>hora de lleure<\/strong>\u00a0de 15:30h a 16:30 (gestionada per la mateixa empresa de menjador, Dlleure).<\/li>\n<\/ul>\n<p>Tant des de la gesti\u00f3 de l&#8217;escola com de Dlleure ens cal fer una previsi\u00f3 del n\u00famero d&#8217;alumnes que faran \u00fas tant del servei de menjador com de l&#8217;hora de lleure.<\/p>\n<p>Per aquest motiu demanem que ompliu <a href=\"https:\/\/docs.google.com\/forms\/d\/e\/1FAIpQLSd7WLC5Y_G0vAmYNGqG79IPSNdzGnlQzm2waVtjJX31_xQy8g\/viewform?usp=sf_link\">aquesta enquesta<\/a>.<\/p>\n<p><span style=\"text-decoration: underline;\"><strong>AQUESTA ENQUESTA ENS SERVEIX D&#8217;INFORMACI\u00d3 ORIENTATIVA. EN CAP CAS \u00c9S UNA INSCRIPCI\u00d3.<\/strong><\/span><\/p>\n","protected":false},"excerpt":{"rendered":"<p>Benvolgudes fam\u00edlies,<br \/>\nCom ja sabeu, el proper curs s&#8217;inicia el proper 5 de setembre.<br \/>\nDurant tot el mes, l&#8217;horari lectiu ser\u00e0 de jornada intesiva. El Departament d\u2019Educaci\u00f3 ha previst que durant el mes de setembre els centres programin activitats de lleure educatiu en la franja hor\u00e0ria de&hellip;  <a href=\"https:\/\/agora.xtec.cat\/ceiprivorubeo\/general\/servei-de-lleure-al-setembre\/\" title=\"Read Servei de lleure al setembre\">Llegeix m\u00e9s\u00bb<\/a><\/p>\n","protected":false},"author":1,"featured_media":1000,"comment_status":"closed","ping_status":"closed","sticky":false,"template":"","format":"standard","meta":{"_bbp_topic_count":0,"_bbp_reply_count":0,"_bbp_total_topic_count":0,"_bbp_total_reply_count":0,"_bbp_voice_count":0,"_bbp_anonymous_reply_count":0,"_bbp_topic_count_hidden":0,"_bbp_reply_count_hidden":0,"_bbp_forum_subforum_count":0,"footnotes":""},"categories":[1,77,4],"tags":[],"class_list":["post-1085","post","type-post","status-publish","format-standard","has-post-thumbnail","hentry","category-general","category-informacions-publicades","category-portada"],"post_mailing_queue_ids":[],"_links":{"self":[{"href":"https:\/\/agora.xtec.cat\/ceiprivorubeo\/wp-json\/wp\/v2\/posts\/1085","targetHints":{"allow":["GET"]}}],"collection":[{"href":"https:\/\/agora.xtec.cat\/ceiprivorubeo\/wp-json\/wp\/v2\/posts"}],"about":[{"href":"https:\/\/agora.xtec.cat\/ceiprivorubeo\/wp-json\/wp\/v2\/types\/post"}],"author":[{"embeddable":true,"href":"https:\/\/agora.xtec.cat\/ceiprivorubeo\/wp-json\/wp\/v2\/users\/1"}],"replies":[{"embeddable":true,"href":"https:\/\/agora.xtec.cat\/ceiprivorubeo\/wp-json\/wp\/v2\/comments?post=1085"}],"version-history":[{"count":1,"href":"https:\/\/agora.xtec.cat\/ceiprivorubeo\/wp-json\/wp\/v2\/posts\/1085\/revisions"}],"predecessor-version":[{"id":1086,"href":"https:\/\/agora.xtec.cat\/ceiprivorubeo\/wp-json\/wp\/v2\/posts\/1085\/revisions\/1086"}],"wp:featuredmedia":[{"embeddable":true,"href":"https:\/\/agora.xtec.cat\/ceiprivorubeo\/wp-json\/wp\/v2\/media\/1000"}],"wp:attachment":[{"href":"https:\/\/agora.xtec.cat\/ceiprivorubeo\/wp-json\/wp\/v2\/media?parent=1085"}],"wp:term":[{"taxonomy":"category","embeddable":true,"href":"https:\/\/agora.xtec.cat\/ceiprivorubeo\/wp-json\/wp\/v2\/categories?post=1085"},{"taxonomy":"post_tag","embeddable":true,"href":"https:\/\/agora.xtec.cat\/ceiprivorubeo\/wp-json\/wp\/v2\/tags?post=1085"}],"curies":[{"name":"wp","href":"https:\/\/api.w.org\/{rel}","templated":true}]}}