{"id":1083,"date":"2022-07-08T12:34:03","date_gmt":"2022-07-08T10:34:03","guid":{"rendered":"https:\/\/agora.xtec.cat\/ceiprivorubeo\/?p=1083"},"modified":"2022-07-08T13:17:25","modified_gmt":"2022-07-08T11:17:25","slug":"acomiadament-a-la-comunitat","status":"publish","type":"post","link":"https:\/\/agora.xtec.cat\/ceiprivorubeo\/general\/acomiadament-a-la-comunitat\/","title":{"rendered":"Acomiadament a la comunitat"},"content":{"rendered":"<p><span style=\"font-weight: 400;\">Benvolgudes fam\u00edlies, companys\/es, alumnes\u2026<\/span><\/p>\n<p><span style=\"font-weight: 400;\">Vaig arribar aqu\u00ed ara far\u00e0 13 anys. Al Rivo he estat tutora, he gaudit molt a la sala de psico, he sigut Secret\u00e0ria amb la Montse Ventura i Cap d\u2019Estudis amb la Lola i finalment, aquests darrers 4 anys, he estat a la Direcci\u00f3.<\/span><\/p>\n<p><span style=\"font-weight: 400;\">Junts hem fet cr\u00e9ixer el Rivo, per\u00f2 el Rivo tamb\u00e9 \u00e9s on hem crescut moltes de nosaltres; professionalment, per\u00f2 tamb\u00e9 personalment, \u00e9s per aix\u00f2 que m\u2019emociona molt acomiadar-me de vosaltres.<\/span><\/p>\n<p><span style=\"font-weight: 400;\">Quan vaig comen\u00e7ar a la Direcci\u00f3, sign\u00e0vem les notes i els escrits amb el hashtag #SocMoltRivo, amb l\u2019embat de la pand\u00e8mia a vegades ha semblat que potser no ho ten\u00edem tant clar\u2026 #Aix\u00edEsPotSerRivo? #TothomSegueixSentRivo?\u00a0<\/span><\/p>\n<p><span style=\"font-weight: 400;\">Aquests dies de tancament compartit hem aprofitat per fer vibrar amb for\u00e7a l\u2019orgull Rivo, l\u2019orgull d\u2019un equip valent, l\u2019orgull d\u2019una escola que apr\u00e8n i que no s\u2019atura, l\u2019orgull per la cohesi\u00f3 i el companyerisme del professorat, l\u2019orgull per la for\u00e7a i capacitat de les nostres fam\u00edlies, l\u2019orgull per uns infants que ens conviden sempre a mirar endavant&#8230;<\/span><\/p>\n<p><span style=\"font-weight: 400;\">Les escoles s\u00f3n espais d\u2019aprenentatge, on tothom hi pot trobar infinites oportunitats per aprendre. Jo, al Rivo hi he apr\u00e8s molt!<\/span><\/p>\n<ul>\n<li style=\"font-weight: 400;\" aria-level=\"1\"><span style=\"font-weight: 400;\">He apr\u00e8s a aprendre de les altres persones, sobretot de les que discrepen i s\u00f3n capaces d\u2019enriquir el meu pensament.<\/span><\/li>\n<li style=\"font-weight: 400;\" aria-level=\"1\"><span style=\"font-weight: 400;\">He apr\u00e8s de la creativitat dels infants, a visualizar m\u00faltiples respostes possibles.<\/span><\/li>\n<li style=\"font-weight: 400;\" aria-level=\"1\"><span style=\"font-weight: 400;\">He apr\u00e8s a afrontar els obstacles per la via de l\u2019alternativa gr\u00e0cies a persones creatives i amb la mirada molt \u00e0mplia, assumint que no sempre s\u2019han de superar les dificultats frontalment i de forma obstinada, a vegades hem d\u2019assumir que aquestes ens acompanyaran durant un temps.<\/span><\/li>\n<li style=\"font-weight: 400;\" aria-level=\"1\"><span style=\"font-weight: 400;\">Algunes fam\u00edlies m\u2019heu ensenyat a endre\u00e7ar les prioritats a la vida. I altres, a afrontar els reptes amb valentia, claredat i pas ferm.\u00a0<\/span><\/li>\n<\/ul>\n<p><span style=\"font-weight: 400;\">I entre aprenentatge i aprenentatge, resulta que tamb\u00e9 he fet amistats! Persones diverses que han enriquit la meva vida i que segurament ho seguiran fent.<\/span><\/p>\n<p><span style=\"font-weight: 400;\">Perqu\u00e8 com els dic als alumnes de 6\u00e8 quan marxen, vosaltres marxeu per\u00f2 el Rivo sempre es queda\u2026 doncs aix\u00f2, quedeu-vos aqu\u00ed, no deixeu d\u2019evolucionar per\u00f2 no perdeu mai les vostres esc\u00e8ncies. Jo he estat, soc i, si em deixeu, sempre ser\u00e9 #MoltRivo.<\/span><\/p>\n<p><span style=\"font-weight: 400;\">Fins sempre!<\/span><\/p>\n<p><span style=\"font-weight: 400;\">Marina Llonch Masachs<\/span><\/p>\n","protected":false},"excerpt":{"rendered":"<p>Benvolgudes fam\u00edlies, companys\/es, alumnes\u2026<br \/>\nVaig arribar aqu\u00ed ara far\u00e0 13 anys. Al Rivo he estat tutora, he gaudit molt a la sala de psico, he sigut Secret\u00e0ria amb la Montse Ventura i Cap d\u2019Estudis amb la Lola i finalment, aquests darrers 4 anys, he estat a&hellip;  <a href=\"https:\/\/agora.xtec.cat\/ceiprivorubeo\/general\/acomiadament-a-la-comunitat\/\" title=\"Read Acomiadament a la comunitat\">Llegeix m\u00e9s\u00bb<\/a><\/p>\n","protected":false},"author":1,"featured_media":1073,"comment_status":"open","ping_status":"closed","sticky":false,"template":"","format":"standard","meta":{"_bbp_topic_count":0,"_bbp_reply_count":0,"_bbp_total_topic_count":0,"_bbp_total_reply_count":0,"_bbp_voice_count":0,"_bbp_anonymous_reply_count":0,"_bbp_topic_count_hidden":0,"_bbp_reply_count_hidden":0,"_bbp_forum_subforum_count":0,"footnotes":""},"categories":[65,1,77,4],"tags":[],"class_list":["post-1083","post","type-post","status-publish","format-standard","has-post-thumbnail","hentry","category-butlleti","category-general","category-informacions-publicades","category-portada"],"post_mailing_queue_ids":[],"_links":{"self":[{"href":"https:\/\/agora.xtec.cat\/ceiprivorubeo\/wp-json\/wp\/v2\/posts\/1083","targetHints":{"allow":["GET"]}}],"collection":[{"href":"https:\/\/agora.xtec.cat\/ceiprivorubeo\/wp-json\/wp\/v2\/posts"}],"about":[{"href":"https:\/\/agora.xtec.cat\/ceiprivorubeo\/wp-json\/wp\/v2\/types\/post"}],"author":[{"embeddable":true,"href":"https:\/\/agora.xtec.cat\/ceiprivorubeo\/wp-json\/wp\/v2\/users\/1"}],"replies":[{"embeddable":true,"href":"https:\/\/agora.xtec.cat\/ceiprivorubeo\/wp-json\/wp\/v2\/comments?post=1083"}],"version-history":[{"count":1,"href":"https:\/\/agora.xtec.cat\/ceiprivorubeo\/wp-json\/wp\/v2\/posts\/1083\/revisions"}],"predecessor-version":[{"id":1084,"href":"https:\/\/agora.xtec.cat\/ceiprivorubeo\/wp-json\/wp\/v2\/posts\/1083\/revisions\/1084"}],"wp:featuredmedia":[{"embeddable":true,"href":"https:\/\/agora.xtec.cat\/ceiprivorubeo\/wp-json\/wp\/v2\/media\/1073"}],"wp:attachment":[{"href":"https:\/\/agora.xtec.cat\/ceiprivorubeo\/wp-json\/wp\/v2\/media?parent=1083"}],"wp:term":[{"taxonomy":"category","embeddable":true,"href":"https:\/\/agora.xtec.cat\/ceiprivorubeo\/wp-json\/wp\/v2\/categories?post=1083"},{"taxonomy":"post_tag","embeddable":true,"href":"https:\/\/agora.xtec.cat\/ceiprivorubeo\/wp-json\/wp\/v2\/tags?post=1083"}],"curies":[{"name":"wp","href":"https:\/\/api.w.org\/{rel}","templated":true}]}}