{"id":1070,"date":"2022-06-22T13:22:38","date_gmt":"2022-06-22T11:22:38","guid":{"rendered":"https:\/\/agora.xtec.cat\/ceiprivorubeo\/?p=1070"},"modified":"2022-06-22T13:22:38","modified_gmt":"2022-06-22T11:22:38","slug":"comiats","status":"publish","type":"post","link":"https:\/\/agora.xtec.cat\/ceiprivorubeo\/portada\/comiats\/","title":{"rendered":"Comiats"},"content":{"rendered":"<p>Arriba final de curs i, amb aquest, un moment molt especial. L&#8217;acomiadament dels nens i nenes de sis\u00e8.<\/p>\n<p>Avui hem acomiadat aquestes classes que, despr\u00e9s de 9 cursos, deixen l&#8217;escola. A primera hora, les classes de prim\u00e0ria esperaven impacients al jardinet del pati de baix l&#8217;arribada dels protagonistes del dia per dur a terme el tradicional acte de comiat. Les classes de primer han preparat unes bosses per farcir-les dels records que han preparat la resta de grups. Les classes de 2n, 3r i 4t, s&#8217;han inspirat en els llibres per donar-los els millors pensaments i desitjos per a la nova etapa que comencen. I, finalment, les classes de 5\u00e8 han cantat la seva can\u00e7\u00f3 de comiat.<\/p>\n<p>Tot seguit, fam\u00edlies de sis\u00e8 i alumnes han entrat al gimn\u00e0s per veure el v\u00eddeo de comiat i se&#8217;ls ha fet entrega de l&#8217;anuari de comiat de l&#8217;escola.<\/p>\n<p>Finalment, l&#8217;alumnat encara tenia una sorpresa m\u00e9s. Han passat per les classes d&#8217;infantil per acomiadar-se i<\/p>\n<p><a href=\"https:\/\/agora.xtec.cat\/ceiprivorubeo\/wp-content\/uploads\/usu2655\/2022\/06\/20220622_095112-min-scaled.jpg\"><img loading=\"lazy\" decoding=\"async\" class=\"alignnone wp-image-1072 size-large\" src=\"https:\/\/agora.xtec.cat\/ceiprivorubeo\/wp-content\/uploads\/usu2655\/2022\/06\/20220622_095112-min-scaled-e1655892370983-1024x593.jpg\" alt=\"\" width=\"1024\" height=\"593\" srcset=\"https:\/\/agora.xtec.cat\/ceiprivorubeo\/wp-content\/uploads\/usu2655\/2022\/06\/20220622_095112-min-scaled-e1655892370983-1024x593.jpg 1024w, https:\/\/agora.xtec.cat\/ceiprivorubeo\/wp-content\/uploads\/usu2655\/2022\/06\/20220622_095112-min-scaled-e1655892370983-300x174.jpg 300w, https:\/\/agora.xtec.cat\/ceiprivorubeo\/wp-content\/uploads\/usu2655\/2022\/06\/20220622_095112-min-scaled-e1655892370983-768x444.jpg 768w, https:\/\/agora.xtec.cat\/ceiprivorubeo\/wp-content\/uploads\/usu2655\/2022\/06\/20220622_095112-min-scaled-e1655892370983-1536x889.jpg 1536w, https:\/\/agora.xtec.cat\/ceiprivorubeo\/wp-content\/uploads\/usu2655\/2022\/06\/20220622_095112-min-scaled-e1655892370983.jpg 1913w\" sizes=\"auto, (max-width: 1024px) 100vw, 1024px\" \/><\/a><\/p>\n<p>Per\u00f2 aquest any s&#8217;hi afegeix un comiat molt especial, el de la Marina Llonch, la nostra directora.<\/p>\n<p>Ahir al mat\u00ed li vam fer una sorpresa. La Marina deixa a l&#8217;escola superpoders de tota mena i l&#8217;hi hem volgut retornar en forma de complements de superhero\u00efna que t\u00e9 poders com: &#8220;superprotectora, superorat\u00f2ria, supercuidam\u00f3n, superintel\u00b7ligent, supersaludable, superesportista, supermind, superacci\u00f3, superpositiva&#8221;. Aix\u00ed, poc a poc, la vam anar disfressant perqu\u00e8 tingui tots els superpoders controlats de cara a la nova etapa que comen\u00e7a. La sorpresa va acabar amb una bona ballaruca i una pila d&#8217;abra\u00e7ades!<\/p>\n<p><a href=\"https:\/\/agora.xtec.cat\/ceiprivorubeo\/wp-content\/uploads\/usu2655\/2022\/06\/20220621_101233-1-min-scaled-e1655892828533.jpg\"><img loading=\"lazy\" decoding=\"async\" class=\"alignnone wp-image-1076 size-large\" src=\"https:\/\/agora.xtec.cat\/ceiprivorubeo\/wp-content\/uploads\/usu2655\/2022\/06\/20220621_101233-1-min-scaled-e1655892828533-976x1024.jpg\" alt=\"\" width=\"976\" height=\"1024\" srcset=\"https:\/\/agora.xtec.cat\/ceiprivorubeo\/wp-content\/uploads\/usu2655\/2022\/06\/20220621_101233-1-min-scaled-e1655892828533-976x1024.jpg 976w, https:\/\/agora.xtec.cat\/ceiprivorubeo\/wp-content\/uploads\/usu2655\/2022\/06\/20220621_101233-1-min-scaled-e1655892828533-286x300.jpg 286w, https:\/\/agora.xtec.cat\/ceiprivorubeo\/wp-content\/uploads\/usu2655\/2022\/06\/20220621_101233-1-min-scaled-e1655892828533-768x806.jpg 768w, https:\/\/agora.xtec.cat\/ceiprivorubeo\/wp-content\/uploads\/usu2655\/2022\/06\/20220621_101233-1-min-scaled-e1655892828533.jpg 1152w\" sizes=\"auto, (max-width: 976px) 100vw, 976px\" \/><\/a><\/p>\n<p>Aix\u00ed, avui us desitgem a tots i totes, alumnat de sis\u00e8 i Marina, que tingueu molta sort i encerts en la nova etapa que comen\u00e7areu ben aviat!<\/p>\n","protected":false},"excerpt":{"rendered":"<p>Arriba final de curs i, amb aquest, un moment molt especial. L&#8217;acomiadament dels nens i nenes de sis\u00e8.<br \/>\nAvui hem acomiadat aquestes classes que, despr\u00e9s de 9 cursos, deixen l&#8217;escola. A primera hora, les classes de prim\u00e0ria esperaven impacients al jardinet del pati de baix l&#8217;arribada&hellip;  <a href=\"https:\/\/agora.xtec.cat\/ceiprivorubeo\/portada\/comiats\/\" title=\"Read Comiats\">Llegeix m\u00e9s\u00bb<\/a><\/p>\n","protected":false},"author":1,"featured_media":1072,"comment_status":"open","ping_status":"closed","sticky":false,"template":"","format":"standard","meta":{"_bbp_topic_count":0,"_bbp_reply_count":0,"_bbp_total_topic_count":0,"_bbp_total_reply_count":0,"_bbp_voice_count":0,"_bbp_anonymous_reply_count":0,"_bbp_topic_count_hidden":0,"_bbp_reply_count_hidden":0,"_bbp_forum_subforum_count":0,"footnotes":""},"categories":[77,4],"tags":[],"class_list":["post-1070","post","type-post","status-publish","format-standard","has-post-thumbnail","hentry","category-informacions-publicades","category-portada"],"post_mailing_queue_ids":[],"_links":{"self":[{"href":"https:\/\/agora.xtec.cat\/ceiprivorubeo\/wp-json\/wp\/v2\/posts\/1070","targetHints":{"allow":["GET"]}}],"collection":[{"href":"https:\/\/agora.xtec.cat\/ceiprivorubeo\/wp-json\/wp\/v2\/posts"}],"about":[{"href":"https:\/\/agora.xtec.cat\/ceiprivorubeo\/wp-json\/wp\/v2\/types\/post"}],"author":[{"embeddable":true,"href":"https:\/\/agora.xtec.cat\/ceiprivorubeo\/wp-json\/wp\/v2\/users\/1"}],"replies":[{"embeddable":true,"href":"https:\/\/agora.xtec.cat\/ceiprivorubeo\/wp-json\/wp\/v2\/comments?post=1070"}],"version-history":[{"count":2,"href":"https:\/\/agora.xtec.cat\/ceiprivorubeo\/wp-json\/wp\/v2\/posts\/1070\/revisions"}],"predecessor-version":[{"id":1077,"href":"https:\/\/agora.xtec.cat\/ceiprivorubeo\/wp-json\/wp\/v2\/posts\/1070\/revisions\/1077"}],"wp:featuredmedia":[{"embeddable":true,"href":"https:\/\/agora.xtec.cat\/ceiprivorubeo\/wp-json\/wp\/v2\/media\/1072"}],"wp:attachment":[{"href":"https:\/\/agora.xtec.cat\/ceiprivorubeo\/wp-json\/wp\/v2\/media?parent=1070"}],"wp:term":[{"taxonomy":"category","embeddable":true,"href":"https:\/\/agora.xtec.cat\/ceiprivorubeo\/wp-json\/wp\/v2\/categories?post=1070"},{"taxonomy":"post_tag","embeddable":true,"href":"https:\/\/agora.xtec.cat\/ceiprivorubeo\/wp-json\/wp\/v2\/tags?post=1070"}],"curies":[{"name":"wp","href":"https:\/\/api.w.org\/{rel}","templated":true}]}}