{"id":1051,"date":"2022-06-17T14:50:10","date_gmt":"2022-06-17T12:50:10","guid":{"rendered":"https:\/\/agora.xtec.cat\/ceiprivorubeo\/?p=1051"},"modified":"2022-06-17T14:50:10","modified_gmt":"2022-06-17T12:50:10","slug":"lafa-informa-casal-destiu-2022","status":"publish","type":"post","link":"https:\/\/agora.xtec.cat\/ceiprivorubeo\/portada\/lafa-informa-casal-destiu-2022\/","title":{"rendered":"L&#8217;AFA INFORMA. Casal d&#8217;estiu 2022"},"content":{"rendered":"<p>Us compartim el dossier informatiu en el que trobareu tot all\u00f2 que us cal saber sobre els casals d&#8217;estiu.<\/p>\n<p>Proposta pedag\u00f2gica, activitats, programaci\u00f3 general i els aspectes m\u00e9s pr\u00e0ctics els podreu trobar en aquest <a href=\"https:\/\/agora.xtec.cat\/ceiprivorubeo\/wp-content\/uploads\/usu2655\/2022\/06\/CASAL-2022-RIVO-RUBEO-5.pdf\">dossier informatiu.<\/a><\/p>\n<p>La Pirata Barcaverda us espera per compartir un munt d&#8217;aventures!<\/p>\n","protected":false},"excerpt":{"rendered":"<p>Us compartim el dossier informatiu en el que trobareu tot all\u00f2 que us cal saber sobre els casals d&#8217;estiu.<br \/>\nProposta pedag\u00f2gica, activitats, programaci\u00f3 general i els aspectes m\u00e9s pr\u00e0ctics els podreu trobar en aquest <a href=\"https:\/\/agora.xtec.cat\/ceiprivorubeo\/wp-content\/uploads\/usu2655\/2022\/06\/CASAL-2022-RIVO-RUBEO-5.pdf\">dossier informatiu.<\/a><br \/>\nLa Pirata Barcaverda us espera per compartir un munt d&#8217;aventures!<\/p>\n","protected":false},"author":1,"featured_media":1000,"comment_status":"closed","ping_status":"closed","sticky":false,"template":"","format":"standard","meta":{"_bbp_topic_count":0,"_bbp_reply_count":0,"_bbp_total_topic_count":0,"_bbp_total_reply_count":0,"_bbp_voice_count":0,"_bbp_anonymous_reply_count":0,"_bbp_topic_count_hidden":0,"_bbp_reply_count_hidden":0,"_bbp_forum_subforum_count":0,"footnotes":""},"categories":[7,77,4],"tags":[],"class_list":["post-1051","post","type-post","status-publish","format-standard","has-post-thumbnail","hentry","category-afa","category-informacions-publicades","category-portada"],"post_mailing_queue_ids":[],"_links":{"self":[{"href":"https:\/\/agora.xtec.cat\/ceiprivorubeo\/wp-json\/wp\/v2\/posts\/1051","targetHints":{"allow":["GET"]}}],"collection":[{"href":"https:\/\/agora.xtec.cat\/ceiprivorubeo\/wp-json\/wp\/v2\/posts"}],"about":[{"href":"https:\/\/agora.xtec.cat\/ceiprivorubeo\/wp-json\/wp\/v2\/types\/post"}],"author":[{"embeddable":true,"href":"https:\/\/agora.xtec.cat\/ceiprivorubeo\/wp-json\/wp\/v2\/users\/1"}],"replies":[{"embeddable":true,"href":"https:\/\/agora.xtec.cat\/ceiprivorubeo\/wp-json\/wp\/v2\/comments?post=1051"}],"version-history":[{"count":1,"href":"https:\/\/agora.xtec.cat\/ceiprivorubeo\/wp-json\/wp\/v2\/posts\/1051\/revisions"}],"predecessor-version":[{"id":1053,"href":"https:\/\/agora.xtec.cat\/ceiprivorubeo\/wp-json\/wp\/v2\/posts\/1051\/revisions\/1053"}],"wp:featuredmedia":[{"embeddable":true,"href":"https:\/\/agora.xtec.cat\/ceiprivorubeo\/wp-json\/wp\/v2\/media\/1000"}],"wp:attachment":[{"href":"https:\/\/agora.xtec.cat\/ceiprivorubeo\/wp-json\/wp\/v2\/media?parent=1051"}],"wp:term":[{"taxonomy":"category","embeddable":true,"href":"https:\/\/agora.xtec.cat\/ceiprivorubeo\/wp-json\/wp\/v2\/categories?post=1051"},{"taxonomy":"post_tag","embeddable":true,"href":"https:\/\/agora.xtec.cat\/ceiprivorubeo\/wp-json\/wp\/v2\/tags?post=1051"}],"curies":[{"name":"wp","href":"https:\/\/api.w.org\/{rel}","templated":true}]}}