{"id":1048,"date":"2022-06-17T14:53:56","date_gmt":"2022-06-17T12:53:56","guid":{"rendered":"https:\/\/agora.xtec.cat\/ceiprivorubeo\/?p=1048"},"modified":"2022-06-17T14:56:35","modified_gmt":"2022-06-17T12:56:35","slug":"loff-rivo-potser-tinteressa","status":"publish","type":"post","link":"https:\/\/agora.xtec.cat\/ceiprivorubeo\/general\/loff-rivo-potser-tinteressa\/","title":{"rendered":"L&#8217;off-Rivo. Potser t&#8217;interessa"},"content":{"rendered":"<p><span style=\"text-decoration: underline;\"><strong>Taller d&#8217;harm\u00f2niques al festival de Blues de Rub\u00ed<\/strong><\/span><\/p>\n<p>Des del festival del Blues de Rub\u00ed ens informen que el proper dissabte 18 de juny d&#8217;11 a 13h, la Societat de Blues de Rub\u00ed, organitza un taller d&#8217;harm\u00f2niques per a nens i nenes a c\u00e0rrec de Marc Coll.<\/p>\n<p>Marc Coll \u00e9s un reconegut harmonicista gallec que actualment viu a Berlin i passa pel Festival de Rub\u00ed per oferir-nos el seu talent a l&#8217;harm\u00f2nica.<\/p>\n<p>El taller est\u00e0 dirigit a nens i nenes i es far\u00e0 al Castell. All\u00e0 mateix hi haur\u00e0 harm\u00f2niques a la venda per tothom qui vulgui.<\/p>\n<p>Mestres, pares i mares esteu tamb\u00e9 convidats al Festival, que en la seva novena edici\u00f3 presenta un <a href=\"https:\/\/societatbluesrubi.com\/?page_id=6599\">cartell de luxe<\/a>!!!<\/p>\n","protected":false},"excerpt":{"rendered":"<p>Taller d&#8217;harm\u00f2niques al festival de Blues de Rub\u00ed<br \/>\nDes del festival del Blues de Rub\u00ed ens informen que el proper dissabte 18 de juny d&#8217;11 a 13h, la Societat de Blues de Rub\u00ed, organitza un taller d&#8217;harm\u00f2niques per a nens i nenes a c\u00e0rrec de Marc&hellip;  <a href=\"https:\/\/agora.xtec.cat\/ceiprivorubeo\/general\/loff-rivo-potser-tinteressa\/\" title=\"Read L&#8217;off-Rivo. Potser t&#8217;interessa\">Llegeix m\u00e9s\u00bb<\/a><\/p>\n","protected":false},"author":1,"featured_media":1024,"comment_status":"closed","ping_status":"closed","sticky":false,"template":"","format":"standard","meta":{"_bbp_topic_count":0,"_bbp_reply_count":0,"_bbp_total_topic_count":0,"_bbp_total_reply_count":0,"_bbp_voice_count":0,"_bbp_anonymous_reply_count":0,"_bbp_topic_count_hidden":0,"_bbp_reply_count_hidden":0,"_bbp_forum_subforum_count":0,"footnotes":""},"categories":[1,77],"tags":[],"class_list":["post-1048","post","type-post","status-publish","format-standard","has-post-thumbnail","hentry","category-general","category-informacions-publicades"],"post_mailing_queue_ids":[],"_links":{"self":[{"href":"https:\/\/agora.xtec.cat\/ceiprivorubeo\/wp-json\/wp\/v2\/posts\/1048","targetHints":{"allow":["GET"]}}],"collection":[{"href":"https:\/\/agora.xtec.cat\/ceiprivorubeo\/wp-json\/wp\/v2\/posts"}],"about":[{"href":"https:\/\/agora.xtec.cat\/ceiprivorubeo\/wp-json\/wp\/v2\/types\/post"}],"author":[{"embeddable":true,"href":"https:\/\/agora.xtec.cat\/ceiprivorubeo\/wp-json\/wp\/v2\/users\/1"}],"replies":[{"embeddable":true,"href":"https:\/\/agora.xtec.cat\/ceiprivorubeo\/wp-json\/wp\/v2\/comments?post=1048"}],"version-history":[{"count":1,"href":"https:\/\/agora.xtec.cat\/ceiprivorubeo\/wp-json\/wp\/v2\/posts\/1048\/revisions"}],"predecessor-version":[{"id":1049,"href":"https:\/\/agora.xtec.cat\/ceiprivorubeo\/wp-json\/wp\/v2\/posts\/1048\/revisions\/1049"}],"wp:featuredmedia":[{"embeddable":true,"href":"https:\/\/agora.xtec.cat\/ceiprivorubeo\/wp-json\/wp\/v2\/media\/1024"}],"wp:attachment":[{"href":"https:\/\/agora.xtec.cat\/ceiprivorubeo\/wp-json\/wp\/v2\/media?parent=1048"}],"wp:term":[{"taxonomy":"category","embeddable":true,"href":"https:\/\/agora.xtec.cat\/ceiprivorubeo\/wp-json\/wp\/v2\/categories?post=1048"},{"taxonomy":"post_tag","embeddable":true,"href":"https:\/\/agora.xtec.cat\/ceiprivorubeo\/wp-json\/wp\/v2\/tags?post=1048"}],"curies":[{"name":"wp","href":"https:\/\/api.w.org\/{rel}","templated":true}]}}