{"id":1044,"date":"2022-06-17T14:22:52","date_gmt":"2022-06-17T12:22:52","guid":{"rendered":"https:\/\/agora.xtec.cat\/ceiprivorubeo\/?p=1044"},"modified":"2022-06-17T14:25:37","modified_gmt":"2022-06-17T12:25:37","slug":"lafa-informa-canvi-en-els-grups-de-comunicacio-de-whatsapp-a-telegram","status":"publish","type":"post","link":"https:\/\/agora.xtec.cat\/ceiprivorubeo\/portada\/lafa-informa-canvi-en-els-grups-de-comunicacio-de-whatsapp-a-telegram\/","title":{"rendered":"L&#8217;AFA INFORMA. Canvi en els grups de comunicaci\u00f3. De Whatsapp a Telegram"},"content":{"rendered":"<p>Com ja es va anunciar al Butllet\u00ed n\u00b038, l&#8217;escola t\u00e9 una nova web, que s&#8217;anir\u00e0 omplint de contingut poc a poc.<\/p>\n<p>Aquest nou format ens ha fet plantejar-nos un nou model de comunicaci\u00f3 amb les fam\u00edlies. \u00c9s per aquest motiu que, a partir del juliol, <strong>les comunicacions de l&#8217;AFA es faran via Telegram<\/strong>, ja que \u00e9s una aplicaci\u00f3 que permetr\u00e0 la vinculaci\u00f3 amb la web de l&#8217;escola i ens permet m\u00e9s confidencialitat amb les nostres dades com a usuaris.<\/p>\n<p>Recordem que aquest canal de comunicaci\u00f3 \u00e9s gestionat per l&#8217;AFA i des de l&#8217;escola s&#8217;utilitza puntualment per a us informatiu.<\/p>\n<p>En breu us farem arribar, a trav\u00e9s de les Delegades d&#8217;aula, els enlla\u00e7os corresponents a les vostres classes per tal que us aneu afegint al Telegram del grup durant aquests \u00faltims dies de juny. El dia 30 de juny deixaran de funcionar els grups de WhatsApp actuals.<\/p>\n","protected":false},"excerpt":{"rendered":"<p>Com ja es va anunciar al Butllet\u00ed n\u00b038, l&#8217;escola t\u00e9 una nova web, que s&#8217;anir\u00e0 omplint de contingut poc a poc.<br \/>\nAquest nou format ens ha fet plantejar-nos un nou model de comunicaci\u00f3 amb les fam\u00edlies. \u00c9s per aquest motiu que, a partir del juliol, les&hellip;  <a href=\"https:\/\/agora.xtec.cat\/ceiprivorubeo\/portada\/lafa-informa-canvi-en-els-grups-de-comunicacio-de-whatsapp-a-telegram\/\" title=\"Read L&#8217;AFA INFORMA. Canvi en els grups de comunicaci\u00f3. De Whatsapp a Telegram\">Llegeix m\u00e9s\u00bb<\/a><\/p>\n","protected":false},"author":1,"featured_media":1046,"comment_status":"closed","ping_status":"closed","sticky":false,"template":"","format":"standard","meta":{"_bbp_topic_count":0,"_bbp_reply_count":0,"_bbp_total_topic_count":0,"_bbp_total_reply_count":0,"_bbp_voice_count":0,"_bbp_anonymous_reply_count":0,"_bbp_topic_count_hidden":0,"_bbp_reply_count_hidden":0,"_bbp_forum_subforum_count":0,"footnotes":""},"categories":[7,77,4],"tags":[],"class_list":["post-1044","post","type-post","status-publish","format-standard","has-post-thumbnail","hentry","category-afa","category-informacions-publicades","category-portada"],"post_mailing_queue_ids":[],"_links":{"self":[{"href":"https:\/\/agora.xtec.cat\/ceiprivorubeo\/wp-json\/wp\/v2\/posts\/1044","targetHints":{"allow":["GET"]}}],"collection":[{"href":"https:\/\/agora.xtec.cat\/ceiprivorubeo\/wp-json\/wp\/v2\/posts"}],"about":[{"href":"https:\/\/agora.xtec.cat\/ceiprivorubeo\/wp-json\/wp\/v2\/types\/post"}],"author":[{"embeddable":true,"href":"https:\/\/agora.xtec.cat\/ceiprivorubeo\/wp-json\/wp\/v2\/users\/1"}],"replies":[{"embeddable":true,"href":"https:\/\/agora.xtec.cat\/ceiprivorubeo\/wp-json\/wp\/v2\/comments?post=1044"}],"version-history":[{"count":2,"href":"https:\/\/agora.xtec.cat\/ceiprivorubeo\/wp-json\/wp\/v2\/posts\/1044\/revisions"}],"predecessor-version":[{"id":1047,"href":"https:\/\/agora.xtec.cat\/ceiprivorubeo\/wp-json\/wp\/v2\/posts\/1044\/revisions\/1047"}],"wp:featuredmedia":[{"embeddable":true,"href":"https:\/\/agora.xtec.cat\/ceiprivorubeo\/wp-json\/wp\/v2\/media\/1046"}],"wp:attachment":[{"href":"https:\/\/agora.xtec.cat\/ceiprivorubeo\/wp-json\/wp\/v2\/media?parent=1044"}],"wp:term":[{"taxonomy":"category","embeddable":true,"href":"https:\/\/agora.xtec.cat\/ceiprivorubeo\/wp-json\/wp\/v2\/categories?post=1044"},{"taxonomy":"post_tag","embeddable":true,"href":"https:\/\/agora.xtec.cat\/ceiprivorubeo\/wp-json\/wp\/v2\/tags?post=1044"}],"curies":[{"name":"wp","href":"https:\/\/api.w.org\/{rel}","templated":true}]}}