{"id":1041,"date":"2022-06-17T14:18:50","date_gmt":"2022-06-17T12:18:50","guid":{"rendered":"https:\/\/agora.xtec.cat\/ceiprivorubeo\/?p=1041"},"modified":"2022-06-17T14:57:20","modified_gmt":"2022-06-17T12:57:20","slug":"iceberg-de-la-violencia-de-genere","status":"publish","type":"post","link":"https:\/\/agora.xtec.cat\/ceiprivorubeo\/general\/iceberg-de-la-violencia-de-genere\/","title":{"rendered":"Iceberg de la viol\u00e8ncia de g\u00e8nere"},"content":{"rendered":"<p>Una alumna de pr\u00e0ctiques del nostre centre ha elaborat una intervenci\u00f3 en la que ha realitzat un &#8220;Iceberg de la viol\u00e8ncia de g\u00e8nere&#8221;. En aquest iceberg, el personal de l&#8217;escola ha pogut participar i fer visibles les formes de viol\u00e8ncia de g\u00e8nere que han <strong>rebut, fet o vist.<\/strong><\/p>\n<p>Aquest iceberg el podeu veure penjat al vest\u00edbul de l&#8217;escola i ens convida a la reflexi\u00f3.<\/p>\n<p>De la mateixa manera, aquesta alumna vol convidar a les fam\u00edlies a participar d&#8217;aquest iceberg de forma virtual, responent <a href=\"https:\/\/docs.google.com\/forms\/d\/e\/1FAIpQLSfobwYRy1UAh58gDAuwtXR7-1knQa4okwvfBachdS_adPrrrw\/viewform\">aquesta enquesta.<\/a> Participeu-hi!<\/p>\n<p><a href=\"https:\/\/agora.xtec.cat\/ceiprivorubeo\/wp-content\/uploads\/usu2655\/2022\/06\/Captura-de-pantalla-2022-06-14-a-las-13.43.30-2.png\"><img loading=\"lazy\" decoding=\"async\" class=\"size-large wp-image-1042 aligncenter\" src=\"https:\/\/agora.xtec.cat\/ceiprivorubeo\/wp-content\/uploads\/usu2655\/2022\/06\/Captura-de-pantalla-2022-06-14-a-las-13.43.30-2-1024x693.png\" alt=\"\" width=\"1024\" height=\"693\" srcset=\"https:\/\/agora.xtec.cat\/ceiprivorubeo\/wp-content\/uploads\/usu2655\/2022\/06\/Captura-de-pantalla-2022-06-14-a-las-13.43.30-2-1024x693.png 1024w, https:\/\/agora.xtec.cat\/ceiprivorubeo\/wp-content\/uploads\/usu2655\/2022\/06\/Captura-de-pantalla-2022-06-14-a-las-13.43.30-2-300x203.png 300w, https:\/\/agora.xtec.cat\/ceiprivorubeo\/wp-content\/uploads\/usu2655\/2022\/06\/Captura-de-pantalla-2022-06-14-a-las-13.43.30-2-768x520.png 768w, https:\/\/agora.xtec.cat\/ceiprivorubeo\/wp-content\/uploads\/usu2655\/2022\/06\/Captura-de-pantalla-2022-06-14-a-las-13.43.30-2.png 1536w\" sizes=\"auto, (max-width: 1024px) 100vw, 1024px\" \/><\/a><\/p>\n","protected":false},"excerpt":{"rendered":"<p>Una alumna de pr\u00e0ctiques del nostre centre ha elaborat una intervenci\u00f3 en la que ha realitzat un &#8220;Iceberg de la viol\u00e8ncia de g\u00e8nere&#8221;. En aquest iceberg, el personal de l&#8217;escola ha pogut participar i fer visibles les formes de viol\u00e8ncia de g\u00e8nere que han rebut,&hellip;  <a href=\"https:\/\/agora.xtec.cat\/ceiprivorubeo\/general\/iceberg-de-la-violencia-de-genere\/\" title=\"Read Iceberg de la viol\u00e8ncia de g\u00e8nere\">Llegeix m\u00e9s\u00bb<\/a><\/p>\n","protected":false},"author":1,"featured_media":1042,"comment_status":"closed","ping_status":"closed","sticky":false,"template":"","format":"standard","meta":{"_bbp_topic_count":0,"_bbp_reply_count":0,"_bbp_total_topic_count":0,"_bbp_total_reply_count":0,"_bbp_voice_count":0,"_bbp_anonymous_reply_count":0,"_bbp_topic_count_hidden":0,"_bbp_reply_count_hidden":0,"_bbp_forum_subforum_count":0,"footnotes":""},"categories":[1,77,4],"tags":[],"class_list":["post-1041","post","type-post","status-publish","format-standard","has-post-thumbnail","hentry","category-general","category-informacions-publicades","category-portada"],"post_mailing_queue_ids":[],"_links":{"self":[{"href":"https:\/\/agora.xtec.cat\/ceiprivorubeo\/wp-json\/wp\/v2\/posts\/1041","targetHints":{"allow":["GET"]}}],"collection":[{"href":"https:\/\/agora.xtec.cat\/ceiprivorubeo\/wp-json\/wp\/v2\/posts"}],"about":[{"href":"https:\/\/agora.xtec.cat\/ceiprivorubeo\/wp-json\/wp\/v2\/types\/post"}],"author":[{"embeddable":true,"href":"https:\/\/agora.xtec.cat\/ceiprivorubeo\/wp-json\/wp\/v2\/users\/1"}],"replies":[{"embeddable":true,"href":"https:\/\/agora.xtec.cat\/ceiprivorubeo\/wp-json\/wp\/v2\/comments?post=1041"}],"version-history":[{"count":1,"href":"https:\/\/agora.xtec.cat\/ceiprivorubeo\/wp-json\/wp\/v2\/posts\/1041\/revisions"}],"predecessor-version":[{"id":1043,"href":"https:\/\/agora.xtec.cat\/ceiprivorubeo\/wp-json\/wp\/v2\/posts\/1041\/revisions\/1043"}],"wp:featuredmedia":[{"embeddable":true,"href":"https:\/\/agora.xtec.cat\/ceiprivorubeo\/wp-json\/wp\/v2\/media\/1042"}],"wp:attachment":[{"href":"https:\/\/agora.xtec.cat\/ceiprivorubeo\/wp-json\/wp\/v2\/media?parent=1041"}],"wp:term":[{"taxonomy":"category","embeddable":true,"href":"https:\/\/agora.xtec.cat\/ceiprivorubeo\/wp-json\/wp\/v2\/categories?post=1041"},{"taxonomy":"post_tag","embeddable":true,"href":"https:\/\/agora.xtec.cat\/ceiprivorubeo\/wp-json\/wp\/v2\/tags?post=1041"}],"curies":[{"name":"wp","href":"https:\/\/api.w.org\/{rel}","templated":true}]}}