{"id":1021,"date":"2022-06-14T13:54:23","date_gmt":"2022-06-14T11:54:23","guid":{"rendered":"https:\/\/agora.xtec.cat\/ceiprivorubeo\/?p=1021"},"modified":"2022-06-14T14:05:25","modified_gmt":"2022-06-14T12:05:25","slug":"matricula-cita-previa","status":"publish","type":"post","link":"https:\/\/agora.xtec.cat\/ceiprivorubeo\/portada\/matricula-cita-previa\/","title":{"rendered":"Matr\u00edcula. Cita pr\u00e8via"},"content":{"rendered":"<p>Benvolgudes fam\u00edlies, en aquest enlla\u00e7 podreu sol\u00b7licitar cita pr\u00e8via per formalitzar la matr\u00edcula del vostre fill o filla.<\/p>\n<p>Recordem que el calendari de matriculaci\u00f3 ser\u00e0 del 21 al 28 de juny (29 de juny \u00e9s festiu local).<\/p>\n<p><a href=\"https:\/\/aplicacions.gestioeducativa.gencat.cat\/pls\/apex\/f?p=CITA_PREVIA:4::::4:P4_TIPUS_CALENDARI,P4_DOMINI:03_Oblig,08064076\">CITA PR\u00c8VIA MATR\u00cdCULA<\/a><\/p>\n","protected":false},"excerpt":{"rendered":"<p>Benvolgudes fam\u00edlies, en aquest enlla\u00e7 podreu sol\u00b7licitar cita pr\u00e8via per formalitzar la matr\u00edcula del vostre fill o filla.<br \/>\nRecordem que el calendari de matriculaci\u00f3 ser\u00e0 del 21 al 28 de juny (29 de juny \u00e9s festiu local).<br \/>\n<a href=\"https:\/\/aplicacions.gestioeducativa.gencat.cat\/pls\/apex\/f?p=CITA_PREVIA:4::::4:P4_TIPUS_CALENDARI,P4_DOMINI:03_Oblig,08064076\">CITA PR\u00c8VIA MATR\u00cdCULA<\/a><\/p>\n","protected":false},"author":1,"featured_media":1024,"comment_status":"closed","ping_status":"closed","sticky":false,"template":"","format":"standard","meta":{"_bbp_topic_count":0,"_bbp_reply_count":0,"_bbp_total_topic_count":0,"_bbp_total_reply_count":0,"_bbp_voice_count":0,"_bbp_anonymous_reply_count":0,"_bbp_topic_count_hidden":0,"_bbp_reply_count_hidden":0,"_bbp_forum_subforum_count":0,"footnotes":""},"categories":[4,75],"tags":[],"class_list":["post-1021","post","type-post","status-publish","format-standard","has-post-thumbnail","hentry","category-portada","category-preinscripcio-i-matricula-2022-2023"],"post_mailing_queue_ids":[],"_links":{"self":[{"href":"https:\/\/agora.xtec.cat\/ceiprivorubeo\/wp-json\/wp\/v2\/posts\/1021","targetHints":{"allow":["GET"]}}],"collection":[{"href":"https:\/\/agora.xtec.cat\/ceiprivorubeo\/wp-json\/wp\/v2\/posts"}],"about":[{"href":"https:\/\/agora.xtec.cat\/ceiprivorubeo\/wp-json\/wp\/v2\/types\/post"}],"author":[{"embeddable":true,"href":"https:\/\/agora.xtec.cat\/ceiprivorubeo\/wp-json\/wp\/v2\/users\/1"}],"replies":[{"embeddable":true,"href":"https:\/\/agora.xtec.cat\/ceiprivorubeo\/wp-json\/wp\/v2\/comments?post=1021"}],"version-history":[{"count":3,"href":"https:\/\/agora.xtec.cat\/ceiprivorubeo\/wp-json\/wp\/v2\/posts\/1021\/revisions"}],"predecessor-version":[{"id":1025,"href":"https:\/\/agora.xtec.cat\/ceiprivorubeo\/wp-json\/wp\/v2\/posts\/1021\/revisions\/1025"}],"wp:featuredmedia":[{"embeddable":true,"href":"https:\/\/agora.xtec.cat\/ceiprivorubeo\/wp-json\/wp\/v2\/media\/1024"}],"wp:attachment":[{"href":"https:\/\/agora.xtec.cat\/ceiprivorubeo\/wp-json\/wp\/v2\/media?parent=1021"}],"wp:term":[{"taxonomy":"category","embeddable":true,"href":"https:\/\/agora.xtec.cat\/ceiprivorubeo\/wp-json\/wp\/v2\/categories?post=1021"},{"taxonomy":"post_tag","embeddable":true,"href":"https:\/\/agora.xtec.cat\/ceiprivorubeo\/wp-json\/wp\/v2\/tags?post=1021"}],"curies":[{"name":"wp","href":"https:\/\/api.w.org\/{rel}","templated":true}]}}