{"id":9926,"date":"2020-04-26T19:48:17","date_gmt":"2020-04-26T17:48:17","guid":{"rendered":"http:\/\/agora.xtec.cat\/ceiprieraderibes\/?p=9926"},"modified":"2020-04-27T16:07:54","modified_gmt":"2020-04-27T14:07:54","slug":"propostes-segon-cicle-setmana-del-27-al-30-dabril","status":"publish","type":"post","link":"https:\/\/agora.xtec.cat\/ceiprieraderibes\/general\/propostes-segon-cicle-setmana-del-27-al-30-dabril\/","title":{"rendered":"Propostes Segon Cicle: setmana del 27 al 30 d&#8217;abril"},"content":{"rendered":"<p><span style=\"font-weight: 400\">Benvolgudes fam\u00edlies!<\/span><\/p>\n<p><span style=\"font-weight: 400\">A continuaci\u00f3 us detallem la proposta de treball per a fer la <strong>setmana del 27 al 30 d\u2019abril<\/strong>. <\/span><\/p>\n<ol>\n<li><b style=\"font-family: inherit;font-size: 1em\">GRUP DE LECTURA<\/b><span style=\"font-weight: 400\">: <\/span><span style=\"font-weight: 400\">cada setmana les persones tutores dels vostres fills i filles fan un grup de lectura amb un tema com\u00fa per tot el cicle per\u00f2 en l\u2019horari que cada referent acorda amb l\u2019alumnat. <\/span><span style=\"font-family: inherit;font-size: 1em\">El tema per preparar aquesta setmana i que es compartir\u00e0 al grup de lectura de la setmana del 4 al 8 de maig, gira al voltant de la seg\u00fcent frase:<\/span><\/li>\n<\/ol>\n<p style=\"text-align: center\"><span style=\"font-weight: 400\">\u201cThe world is a book and those who do not travel read only a page\u201d, St. Augustine<\/span><\/p>\n<p><span style=\"font-weight: 400\">Podeu buscar algun llibre de viatges, guies&#8230;la conversa girar\u00e0 al voltant de temes com: <\/span><span style=\"font-weight: 400\">Ens agrada viatjar? <\/span><span style=\"font-weight: 400\">Quins llocs recordeu que heu visitat? <\/span><span style=\"font-weight: 400\">On us agradaria anar quan es pugui viatjar? Amb qui? <\/span><span style=\"font-weight: 400\">Presenteu al grup el llibre, guia, alguna fotografia&#8230;d\u2019algun viatge.<\/span><\/p>\n<p><strong><strong><strong>2. DINS\/FORA: <\/strong><\/strong><\/strong>aquesta setmana proposem un <strong><strong><strong><strong style=\"font-family: inherit;font-size: 1em\">HIIT <\/strong><strong style=\"font-family: inherit;font-size: 1em\">(<\/strong><strong style=\"font-family: inherit;font-size: 1em\">High Intensity Interval Training)<\/strong><span style=\"font-family: inherit;font-size: 1em;font-weight: normal\"> que les mestres i els mestres de 2n cicle hem preparat per tots vosaltres (fam\u00edlies i alumnes). El v\u00e0rem practicar a<\/span><span style=\"font-family: inherit;font-size: 1em;font-weight: normal\"> la pregunta interessant \u201cPer qu\u00e8 ens cansem quan fem esport?\u201d i tamb\u00e9 a l&#8217;\u00faltim Mosaic. Ho recordeu? quina suada!\u00a0\u00a0<\/span><\/strong><\/strong><\/strong><\/p>\n<p><strong>Qu\u00e8 haureu de fer?<\/strong><\/p>\n<ol style=\"list-style-type: upper-roman\">\n<li>Molt senzill, primer veure el v\u00eddeo (1 \u00f3 2 vegades) per saber quins exercicis haureu de realitzar. El teniu en el seg\u00fcent enlla\u00e7: <a href=\"https:\/\/vimeo.com\/411994198\">https:\/\/vimeo.com\/411994198<\/a><\/li>\n<li>Despr\u00e9s poseu-vos davant de la pantalla on veureu el v\u00eddeo (TV, PC, Tablet o m\u00f2bil) i feu els exercicis al mateix ritme que nosaltres.<\/li>\n<li>Un cop acabat el HIIT fes un petit text explicant com t&#8217;ha anat i com t\u2019has sentit. Creus que est\u00e0s en forma? Per qu\u00e8 en tan poc temps ens cansem tant? Si vols adjuntar alguna foto o petit v\u00eddeo, endavant!<\/li>\n<\/ol>\n<p><strong>RECOMANACIONS: <\/strong><strong>S\u2019ha de fer amb roba esportiva i cal\u00e7at adequat, t<\/strong><strong>enir espai lliure d\u2019un o dos metres al teu voltant. <\/strong><strong>\u00c9s una entrenament d\u2019alta intensitat, o sigui que ho fem a tope!<\/strong><\/p>\n<p><span style=\"font-weight: 400\">A continuaci\u00f3 teniu les quatre propostes. <strong>Trieu-ne dues i envieu-les<\/strong>. <span style=\"text-decoration: underline\">Recomanem als nois i noies de sis\u00e8 fer-les totes quatre<\/span>:<\/span><\/p>\n<ol>\n<li><strong>&#8220;Greece gets tourist&#8221;: <\/strong><span style=\"font-weight: 400\">entendre un text de tem\u00e0tica actual en angl\u00e8s adaptat.<\/span><\/li>\n<li><b>&#8220;Pa\u00efsos d&#8217;arreu del m\u00f3n&#8221;: <\/b><span style=\"font-weight: 400\">viatjar pel m\u00f3n a trav\u00e9s de la r\u00e0dio i aprendre sobre els sistemes muntanyosos d\u2019Europa.<\/span><\/li>\n<li><b>Situacions matem\u00e0tiques (podeu triar una de les dues que hi ha): <\/b><span style=\"font-weight: 400\">calculem els costos de dues situacions\u00a0 quotidianes d\u2019aquest confinament (cuinar espaguetis a la carbonara o veure s\u00e8ries\/pel\u00b7l\u00edcules).<\/span><\/li>\n<li><b style=\"font-family: inherit;font-size: 1em\"><b>&#8220;Investiguem les particularitats de l&#8217;Univers&#8221;: <\/b><\/b><span style=\"font-weight: 400\">con\u00e8ixer la forma dels astres de l\u2019Univers mitjan\u00e7ant el visionat d\u2019un parell de v\u00eddeos i la realitzaci\u00f3 d\u2019un experiment.<\/span><\/li>\n<li><strong>Proposta CINEMA EN CURS:<\/strong> <span style=\"text-decoration: underline\">nom\u00e9s per l&#8217;alumnat que fa aquest projecte anual<\/span><\/li>\n<\/ol>\n<p>Una vegada tingueu clares les propostes que voleu fer, heu de clicar sobre els seg\u00fcents enlla\u00e7os per a accedir al document on estan explicades de manera espec\u00edfica i individual<\/p>\n<p><a href=\"https:\/\/agora.xtec.cat\/ceiprieraderibes\/wp-content\/uploads\/usu901\/2020\/04\/Greece-gets-tourist.pdf\">Greece gets tourist<\/a><\/p>\n<p><a href=\"https:\/\/agora.xtec.cat\/ceiprieraderibes\/wp-content\/uploads\/usu901\/2020\/04\/Pai\u0308sos-darreu-del-mo\u0301n.pdf\">Pai\u0308sos d&#8217;arreu del mo\u0301n\u00a0<\/a><\/p>\n<p><a href=\"https:\/\/agora.xtec.cat\/ceiprieraderibes\/wp-content\/uploads\/usu901\/2020\/04\/Activitat-matema\u0300tica-1_-Fem-un-estudi-de-mercat-.pdf\">Activitat matema\u0300tica 1_ Fem un estudi de mercat<\/a><\/p>\n<p><a href=\"https:\/\/agora.xtec.cat\/ceiprieraderibes\/wp-content\/uploads\/usu901\/2020\/04\/Situacio\u0301-matema\u0300tica-2_-Se\u0300ries-i-pel.li\u0301cules.pdf\">Situacio\u0301 matema\u0300tica 2_ Se\u0300ries i pel.li\u0301cules<\/a><\/p>\n<p><a href=\"https:\/\/agora.xtec.cat\/ceiprieraderibes\/wp-content\/uploads\/usu901\/2020\/04\/Investiguem-les-particularitats-de-lUnivers.pdf\">Investiguem les particularitats de l&#8217;Univers<\/a><\/p>\n<p><a href=\"https:\/\/agora.xtec.cat\/ceiprieraderibes\/wp-content\/uploads\/usu901\/2020\/04\/Proposta-de-Cinema-en-curs.pdf\">Proposta de Cinema en curs<\/a><\/p>\n<p><span style=\"font-weight: 400\">Recordeu que quan feu una activitat ja la podeu enviar a l\u2019e-mail:\u00a0 <\/span><a href=\"mailto:segoncicleriera@gmail.com\"><span style=\"font-weight: 400\">segoncicleriera@gmail.com <\/span><\/a><span style=\"font-weight: 400\">Millor fer-ho una per una i no esperar a tenir-les totes fetes. <\/span><strong>Tamb\u00e9 recordeu posar el nom de l\u2019alumne i el nivell (4t, 5\u00e8 o 6\u00e8) a l\u2019assumpte i una d\u2019aquestes etiquetes:<\/strong><\/p>\n<ul>\n<li><strong>Dins\/fora<\/strong><\/li>\n<li><strong>Grup lector<\/strong><\/li>\n<li><strong>Proposta triada:<\/strong> t\u00edtol de la proposta<\/li>\n<li><strong>Proposta personal<\/strong> (la que el teu mestre t\u2019ha proposat per a tu a les trucades individuals o en els correus personals): nom de la proposta i nom del mestre<\/li>\n<\/ul>\n<p><span style=\"font-weight: 400\">Si ho fas aix\u00ed ens ajudes for\u00e7a ja que sou molts alumnes i moltes activitats revisades per diferents mestres.\u00a0<\/span><\/p>\n<p><span style=\"font-weight: 400\">Per \u00faltim, us adjuntem un enlla\u00e7 de la Biblioteca on podeu demanar, en pr\u00e9stec llibres, on line.<\/span><\/p>\n<p><a href=\"https:\/\/agora.xtec.cat\/ceiprieraderibes\/wp-content\/uploads\/usu901\/2020\/04\/eBiblio.pdf\">eBiblio<\/a><\/p>\n<p><span style=\"font-weight: 400\">Gr\u00e0cies i endavant amb la feina!!!<\/span><\/p>\n<p><span style=\"font-weight: 400\">Equip docent de Segon Cicle Riera de Ribes<\/span><\/p>\n","protected":false},"excerpt":{"rendered":"<p>Benvolgudes fam\u00edlies!<br \/>\nA continuaci\u00f3 us detallem la proposta de treball per a fer la setmana del 27 al 30 d\u2019abril. <\/p>\n<ol>\n<li>GRUP DE LECTURA: cada setmana les persones tutores dels vostres fills i filles fan un grup de lectura amb un tema com\u00fa per tot el cicle&hellip;  <a href=\"https:\/\/agora.xtec.cat\/ceiprieraderibes\/general\/propostes-segon-cicle-setmana-del-27-al-30-dabril\/\" title=\"Read Propostes Segon Cicle: setmana del 27 al 30 d&#8217;abril\">Llegeix m\u00e9s\u00bb<\/a><br \/>\n","protected":false},"author":1,"featured_media":9945,"comment_status":"open","ping_status":"closed","sticky":false,"template":"","format":"standard","meta":{"_bbp_topic_count":0,"_bbp_reply_count":0,"_bbp_total_topic_count":0,"_bbp_total_reply_count":0,"_bbp_voice_count":0,"_bbp_anonymous_reply_count":0,"_bbp_topic_count_hidden":0,"_bbp_reply_count_hidden":0,"_bbp_forum_subforum_count":0,"footnotes":""},"categories":[51,50,49,1,4],"tags":[],"class_list":["post-9926","post","type-post","status-publish","format-standard","has-post-thumbnail","hentry","category-generacio-2008","category-generacio-2009","category-generacio-2010","category-general","category-portada"],"post_mailing_queue_ids":[],"_links":{"self":[{"href":"https:\/\/agora.xtec.cat\/ceiprieraderibes\/wp-json\/wp\/v2\/posts\/9926","targetHints":{"allow":["GET"]}}],"collection":[{"href":"https:\/\/agora.xtec.cat\/ceiprieraderibes\/wp-json\/wp\/v2\/posts"}],"about":[{"href":"https:\/\/agora.xtec.cat\/ceiprieraderibes\/wp-json\/wp\/v2\/types\/post"}],"author":[{"embeddable":true,"href":"https:\/\/agora.xtec.cat\/ceiprieraderibes\/wp-json\/wp\/v2\/users\/1"}],"replies":[{"embeddable":true,"href":"https:\/\/agora.xtec.cat\/ceiprieraderibes\/wp-json\/wp\/v2\/comments?post=9926"}],"version-history":[{"count":3,"href":"https:\/\/agora.xtec.cat\/ceiprieraderibes\/wp-json\/wp\/v2\/posts\/9926\/revisions"}],"predecessor-version":[{"id":9983,"href":"https:\/\/agora.xtec.cat\/ceiprieraderibes\/wp-json\/wp\/v2\/posts\/9926\/revisions\/9983"}],"wp:featuredmedia":[{"embeddable":true,"href":"https:\/\/agora.xtec.cat\/ceiprieraderibes\/wp-json\/wp\/v2\/media\/9945"}],"wp:attachment":[{"href":"https:\/\/agora.xtec.cat\/ceiprieraderibes\/wp-json\/wp\/v2\/media?parent=9926"}],"wp:term":[{"taxonomy":"category","embeddable":true,"href":"https:\/\/agora.xtec.cat\/ceiprieraderibes\/wp-json\/wp\/v2\/categories?post=9926"},{"taxonomy":"post_tag","embeddable":true,"href":"https:\/\/agora.xtec.cat\/ceiprieraderibes\/wp-json\/wp\/v2\/tags?post=9926"}],"curies":[{"name":"wp","href":"https:\/\/api.w.org\/{rel}","templated":true}]}}