{"id":9868,"date":"2020-04-21T14:08:24","date_gmt":"2020-04-21T12:08:24","guid":{"rendered":"http:\/\/agora.xtec.cat\/ceiprieraderibes\/?p=9868"},"modified":"2020-04-21T14:17:18","modified_gmt":"2020-04-21T12:17:18","slug":"propostes-per-primer-cicle-setmana-del-21-al-28-dabril","status":"publish","type":"post","link":"https:\/\/agora.xtec.cat\/ceiprieraderibes\/general\/propostes-per-primer-cicle-setmana-del-21-al-28-dabril\/","title":{"rendered":"Propostes per Primer Cicle: setmana del 21 al 28 d\u2019abril"},"content":{"rendered":"<h3><span style=\"color: #ff6600;\"><b>Propostes per Primer Cicle: setmana del 21 al 28 d\u2019abril<\/b><\/span><\/h3>\n<pre><span style=\"color: #999999;\"><em><span style=\"color: #0000ff;\">(<a href=\"https:\/\/drive.google.com\/open?id=1WmXtdqa-GdAnCL0kYeWKtoQ8w3S0u2n6c1O6ZEbhw6U\">aqu\u00ed<\/a><\/span> teniu un document amb les propostes amb lletra de PAL)\r\n\r\n<\/em><\/span><\/pre>\n<p style=\"text-align: justify;\"><span style=\"font-weight: 400;\"><img loading=\"lazy\" decoding=\"async\" class=\"alignleft size-thumbnail wp-image-9869\" src=\"https:\/\/agora.xtec.cat\/ceiprieraderibes\/wp-content\/uploads\/usu901\/2020\/04\/unnamed-150x150.jpg\" alt=\"\" width=\"150\" height=\"150\" \/>Aquesta \u00e9s una setmana mooooolt especial!!!!!&#8230;. Com?? Qu\u00e8 no saps el perqu\u00e8?? Doncs\u2026 perqu\u00e8 aquesta setmana es celebra <\/span><span style=\"color: #ff0000;\"><b><i>SANT JORDI <\/i><\/b><span style=\"font-weight: 400;\">!!<\/span><\/span><span style=\"font-weight: 400;\"> Com ja sabeu, a l\u2019escola, sempre el celebrem d\u2019una manera especial, aix\u00ed que, aquest any, no ser\u00e0 diferent!\u00a0<\/span><\/p>\n<p style=\"text-align: justify;\"><span style=\"font-weight: 400;\">Esteu preparats per endinsar-vos en un m\u00f3n m\u00e0gic, de fantasia, de cavallers, dracs i princeses????<\/span><\/p>\n<p style=\"text-align: justify;\"><span style=\"font-weight: 400;\">Doncs vinga! Aqu\u00ed us deixem les propostes d\u2019aquesta setmana!! Recorda que pots fer totes les que vulguis!! A mesura que les vagis fent,\u00a0 envia-les per correu electr\u00f2nic en forma de foto, petit video, document&#8230; El mail \u00e9s <\/span><a href=\"mailto:primercicleriera@gmail.com\"><span style=\"font-weight: 400;\">primercicleriera@gmail.com<\/span><\/a><span style=\"font-weight: 400;\">.\u00a0<\/span><\/p>\n<p style=\"text-align: justify;\"><span style=\"font-weight: 400;\">Facis les propostes que facis, hauras de fer l\u2019autoavaluaci\u00f3 per tal de reflexionar sobre el que has apr\u00e8s, el que t\u2019ha costat m\u00e9s, el que t\u2019agrada m\u00e9s fer\u2026 La trobaras al final d\u2019aquest document.<\/span><\/p>\n<p>&nbsp;<\/p>\n<table>\n<tbody>\n<tr>\n<td>\n<h5><span style=\"color: #ff6600;\"><b>Reinventa la llegenda de Sant Jordi!<\/b><\/span><\/h5>\n<\/td>\n<\/tr>\n<\/tbody>\n<\/table>\n<p><span style=\"font-weight: 400;\">Aqu\u00ed us deixem diferents versions sobre la llegenda de Sant Jordi. Si les mireu totes veureu que cada vegada est\u00e0 explicada d\u2019una manera una mica diferent, amb diversos formats, diferents protagonistes.<\/span><\/p>\n<ul>\n<li><b><a href=\"https:\/\/www.youtube.com\/watch?v=kSQpEJYVSwY\">Llegenda de Sant Jordi 360\u00ba.<\/a><\/b><b><\/b><\/li>\n<li><b><a href=\"https:\/\/www.youtube.com\/watch?v=Y3H_Qe4gqpM\">Llegenda amb plastilina.\u00a0<\/a><\/b><b><\/b><\/li>\n<li><b><a href=\"https:\/\/www.youtube.com\/watch?v=alOao4XYN3k\">La llegenda de Santa Jordina.\u00a0<\/a><\/b><b><i><\/i><\/b><\/li>\n<li><b><i><a href=\"https:\/\/www.youtube.com\/watch?v=WOhHbGKigAY\">Un Sant Jordi diferent<\/a> de Carmen Parets.<\/i><\/b><\/li>\n<li><a href=\"https:\/\/www.rosessantjordi.com\/es\/concurso-rosas-sant-jordi\/una-llegenda-de-sant-jordi-diferent.html\">Una llegenda de Sant Jordi diferent!<\/a><\/li>\n<li><a href=\"https:\/\/www.ccma.cat\/tv3\/super3\/infok\/una-llegenda-de-sant-jordi-diferent\/video\/5761804\/\">Infok: una llegenda diferent<\/a>.<\/li>\n<\/ul>\n<p><span style=\"font-weight: 400;\">Ara, l\u2019escriptor o l\u2019escriptora ser\u00e0s tu!! Deixa volar la teva imaginaci\u00f3!!! Com?<\/span><\/p>\n<ul>\n<li style=\"font-weight: 400;\"><span style=\"font-weight: 400;\">Inventat un altre final per la llegenda de Sant Jordi.<\/span><\/li>\n<li style=\"font-weight: 400;\"><span style=\"font-weight: 400;\">Canvia els personatges, incorpora un de nou, canvia els rols\/papers entre ells\u2026<\/span><\/li>\n<li style=\"font-weight: 400;\"><span style=\"font-weight: 400;\">I si aquesta hist\u00f2ria pass\u00e9s a Ribes, com seria?<\/span><\/li>\n<\/ul>\n<pre><span style=\"color: #999999;\"><em>\u00a0<\/em><\/span><\/pre>\n<p>&nbsp;<\/p>\n<table>\n<tbody>\n<tr>\n<td>\n<h5><span style=\"color: #ff6600;\"><b>Tutorial: How to make a Saint George\u2019s paper rose<\/b><\/span><\/h5>\n<\/td>\n<\/tr>\n<\/tbody>\n<\/table>\n<p style=\"text-align: justify;\"><b>Would you like to give someone a rose or to decorate your house on Thursday? This week I propose you to make a Saint George\u2019s paper rose! I found this way and I wanted to share it with you. Click on the picture to watch the tutorial I made for you.<\/b><\/p>\n<p style=\"text-align: justify;\"><span style=\"font-weight: 400;\">Us agradaria regalar-li una rosa a alg\u00fa, o decorar casa vostra dijous? Aquesta setmana us proposo que feu una rosa de Sant Jordi de paper! He trobat aquesta manera de fer-ne una i us l\u2019he volgut compartir. Clickeu a la imatge per veure el tutorial que us he preparat.<\/span><\/p>\n<p><a href=\"https:\/\/drive.google.com\/open?id=19yvrSZ4mfyw0RI26VTgzGG6Y92XxkyeR\"><img loading=\"lazy\" decoding=\"async\" class=\"wp-image-9871 alignleft\" src=\"https:\/\/agora.xtec.cat\/ceiprieraderibes\/wp-content\/uploads\/usu901\/2020\/04\/SAINT-GEORGES-PAPER-ROSE-150x150.jpg\" alt=\"\" width=\"269\" height=\"269\" \/><\/a><b style=\"font-family: inherit; font-size: 1em;\"><\/b><\/p>\n<p>&nbsp;<\/p>\n<p>&nbsp;<\/p>\n<p>&nbsp;<\/p>\n<p>&nbsp;<\/p>\n<p>&nbsp;<\/p>\n<p style=\"text-align: left;\"><span style=\"color: #ff6600;\"><b style=\"font-family: inherit; font-size: 1em;\">Fes clic a la imatge!<\/b><\/span><\/p>\n<p>&nbsp;<\/p>\n<p>&nbsp;<\/p>\n<table>\n<tbody>\n<tr>\n<td>\n<h5><b><span style=\"color: #ff6600;\">Exposici\u00f3 de dracs!<\/span><\/b><\/h5>\n<\/td>\n<\/tr>\n<\/tbody>\n<\/table>\n<p style=\"text-align: justify;\"><span style=\"font-weight: 400;\">A la llegenda de Sant Jordi, hi ha un personatge que \u00e9s molt important: el <\/span><b>DRAC!!<\/b><span style=\"font-weight: 400;\"> Com t\u2019imagines tu aquest drac?<\/span><span style=\"font-weight: 400;\">Et proposem que facis el disseny del teu propi drac. Per aix\u00f2, ser\u00e0 molt important que segueixis els seg\u00fcents passos:<\/span><\/p>\n<ol>\n<li style=\"font-weight: 400; text-align: justify;\"><span style=\"font-weight: 400;\">Fes un esb\u00f3s del drac que t\u2019imagines en un paper. T\u2019ajudar\u00e0 a saber qu\u00e8 necessites, com ho vols, quines parts tindr\u00e0, quines mides, quins colors&#8230;<\/span><\/li>\n<li style=\"font-weight: 400; text-align: justify;\"><span style=\"font-weight: 400;\">Fes el teu drac. El pots fer amb molts materials: capses, cartolina, paper, plastilina, fang, massa de pa\u2026. Deixa volar la teva imaginaci\u00f3!<\/span><\/li>\n<li style=\"font-weight: 400; text-align: justify;\"><span style=\"font-weight: 400;\">Escriu un text instructiu per tal d\u2019explicar els passos que has seguit per construir-lo. Recorda que aquest text ha de tenir els seg\u00fcents apartats: t\u00edtol, materials que necessitem, passos a seguir i alguna imatge o dibuix del resultat.<\/span><\/li>\n<li style=\"font-weight: 400; text-align: justify;\"><span style=\"font-weight: 400;\">Envia\u2019ns la foto del teu drac!\u00a0<\/span><\/li>\n<\/ol>\n<p style=\"text-align: justify;\"><span style=\"font-weight: 400;\">Amb tot el que ens arribi farem una <\/span><b>exposici\u00f3 virtual de dracs<\/b><span style=\"font-weight: 400;\">! Penjarem la foto del vostre drac juntament amb el text de com fer-ho per tal que tothom que vulgui el pugui fer!! \u00c0nims artistes!!<\/span><\/p>\n<p>&nbsp;<\/p>\n<table>\n<tbody>\n<tr>\n<td>\n<h5><b><span style=\"color: #ff6600;\">Regle, llapis\u2026 i a llegir!<\/span><\/b><\/h5>\n<\/td>\n<\/tr>\n<\/tbody>\n<\/table>\n<p style=\"text-align: justify;\"><span style=\"font-weight: 400;\">Com que per <\/span><b>Sant Jordi <\/b><span style=\"font-weight: 400;\">tamb\u00e9 es celebra<\/span> <span style=\"font-weight: 400;\">el<\/span><b> Dia Internacional del Llibre<\/b><span style=\"font-weight: 400;\">, us proposem que elaboreu el vostre punt de llibre des de casa.<\/span><\/p>\n<p style=\"text-align: justify;\"><span style=\"font-weight: 400;\">Aquest punt de llibre estar\u00e0 fet de cartolina o cartr\u00f3 i ser\u00e0 de forma rectangular. Les seves mesures de 6,5 cm d\u2019ample i 25 cm de llarg.<\/span><\/p>\n<p style=\"text-align: justify;\"><b>Per fer-lo\u00a0 b\u00e9 \u00e9s molt important l\u2019\u00fas d\u2019un regle!!!<\/b><\/p>\n<p style=\"text-align: justify;\"><span style=\"font-weight: 400;\">Per poder fer-ho exacte, segueix aquests consells:<\/span><\/p>\n<ul style=\"text-align: justify;\">\n<li style=\"font-weight: 400;\"><span style=\"font-weight: 400;\">Quan mesuris, recorda que has de comen\u00e7ar amb el \u201c0\u201d.<\/span><\/li>\n<li style=\"font-weight: 400;\"><span style=\"font-weight: 400;\">Cal que assenyalis primer tots els punts necessaris i despr\u00e9s els uneixes en l\u00ednea recta.\u00a0<\/span><\/li>\n<li style=\"font-weight: 400;\"><span style=\"font-weight: 400;\">Assegura\u2019t que el regle estigui recte. Per aix\u00f2, pots ajudar-te de les l\u00ednies del paper.<\/span><\/li>\n<\/ul>\n<p style=\"text-align: justify;\"><span style=\"font-weight: 400;\">Quan ho tinguis retallat, decora el teu punt de llibre com m\u00e9s t\u2019agradi. Envia\u2019ns una foto de la feina acabada!!<\/span><\/p>\n<p>&nbsp;<\/p>\n<table>\n<tbody>\n<tr>\n<td>\n<h5><span style=\"color: #ff6600;\"><b>Que comenci la funci\u00f3!<\/b><\/span><\/h5>\n<\/td>\n<\/tr>\n<\/tbody>\n<\/table>\n<p style=\"text-align: justify;\"><span style=\"font-weight: 400;\">Qu\u00e8 us sembla si representeu una escena teatral de la llegenda de Sant Jordi?<\/span><\/p>\n<p style=\"text-align: justify;\"><span style=\"font-weight: 400;\">Podeu preparar disfresses, fer una corona de rei amb material que teniu a casa, improvisar un cavall per al cavaller amb un pal de fregar, fer una espasa i un escut amb cartr\u00f3, enganxar una cresta a una caputxa de la roba i posar-vos alguna cosa al cul per fer de drac, buscar un vestit que sembli de princesa o fins i tot, pintar-vos la cara amb maquillatge o pintura. A m\u00e9s a m\u00e9s, podeu construir un castell amb materials que hi hagi per casa com: llen\u00e7ols, cordes, coixins&#8230; sempre que les vostres fam\u00edlies us ho permetin. I finalment, una cosa molt important: convideu a les vostres fam\u00edlies a participar, de segur que ho passeu molt b\u00e9!<\/span><\/p>\n<p>&nbsp;<\/p>\n<table>\n<tbody>\n<tr>\n<td>\n<h5><span style=\"color: #ff6600;\"><b>Un conte matem\u00e0tic.<\/b><\/span><\/h5>\n<\/td>\n<\/tr>\n<\/tbody>\n<\/table>\n<p><b>T\u2019animem a inventar-te un conte matem\u00e0tic relacionat amb la festa de Sant Jordi. Aqu\u00ed us posem un exemple:<\/b><\/p>\n<p style=\"text-align: center;\"><i><span style=\"font-weight: 400;\">Al pati de casa la Joana t\u00e9 plantats molts rosers. Cada any per aquesta \u00e8poca les roses comencen a florir.<\/span><\/i><\/p>\n<p><img loading=\"lazy\" decoding=\"async\" class=\"wp-image-9880 aligncenter\" src=\"https:\/\/agora.xtec.cat\/ceiprieraderibes\/wp-content\/uploads\/usu901\/2020\/04\/20200420_111559.jpg\" alt=\"\" width=\"713\" height=\"319\" srcset=\"https:\/\/agora.xtec.cat\/ceiprieraderibes\/wp-content\/uploads\/usu901\/2020\/04\/20200420_111559.jpg 1024w, https:\/\/agora.xtec.cat\/ceiprieraderibes\/wp-content\/uploads\/usu901\/2020\/04\/20200420_111559-300x134.jpg 300w, https:\/\/agora.xtec.cat\/ceiprieraderibes\/wp-content\/uploads\/usu901\/2020\/04\/20200420_111559-768x344.jpg 768w\" sizes=\"auto, (max-width: 713px) 100vw, 713px\" \/><\/p>\n<p><img loading=\"lazy\" decoding=\"async\" class=\"wp-image-9883 aligncenter\" src=\"https:\/\/agora.xtec.cat\/ceiprieraderibes\/wp-content\/uploads\/usu901\/2020\/04\/conte.jpg\" alt=\"\" width=\"720\" height=\"219\" srcset=\"https:\/\/agora.xtec.cat\/ceiprieraderibes\/wp-content\/uploads\/usu901\/2020\/04\/conte.jpg 621w, https:\/\/agora.xtec.cat\/ceiprieraderibes\/wp-content\/uploads\/usu901\/2020\/04\/conte-300x91.jpg 300w\" sizes=\"auto, (max-width: 720px) 100vw, 720px\" \/><\/p>\n<p style=\"text-align: justify;\"><span style=\"font-weight: 400;\">Ara que ja heu vist un exemple de com es fa un conte matem\u00e0tic, et toca a tu invertar-te el teu. Cadasc\u00fa pot complicar-lo m\u00e9s o menys (podem posar, treure, repartir, triplicar,..).<\/span><\/p>\n<p style=\"text-align: justify;\"><span style=\"font-weight: 400;\">Fes la graella, explica i resol (\u00e9s important utilitzar el <\/span><b>dibuix<\/b><span style=\"font-weight: 400;\">, els <\/span><b>n\u00fameros <\/b><span style=\"font-weight: 400;\">i fer l\u2019<\/span><b>operaci\u00f3)<\/b><\/p>\n<p>&nbsp;<\/p>\n<table>\n<tbody>\n<tr>\n<td>\n<h5><b><span style=\"color: #ff6600;\">A m\u00e9s a m\u00e9s\u2026<\/span>\u00a0<\/b><\/h5>\n<\/td>\n<\/tr>\n<\/tbody>\n<\/table>\n<p style=\"text-align: justify;\"><b><span style=\"color: #ff6600;\"><span style=\"color: #000000;\">&#8211;<\/span> Confer\u00e8ncies<\/span>: <\/b><span style=\"font-weight: 400;\">Sabem que hi ha alumnes que no van poder fer la seva confer\u00e8ncia en la data que estava prevista degut a aquesta situaci\u00f3 excepcional que estem vivint. \u00c9s per aix\u00f2 que des de l\u2019escola us volem oferir a aquelles fam\u00edlies que ja ho tenen tot preparat un espai per poder-les exposar. Us animem a fer-les!!<\/span><\/p>\n<p style=\"text-align: justify;\"><span style=\"font-weight: 400;\">Us proposem dues maneres diferents:<\/span><\/p>\n<ol style=\"text-align: justify;\">\n<li style=\"font-weight: 400; text-align: justify;\"><span style=\"font-weight: 400;\">Podeu gravar al vostre fill\/a fent la confer\u00e8ncia i enviar-nos el v\u00eddeo al correu de 1r Cicle.<\/span><\/li>\n<li style=\"font-weight: 400; text-align: justify;\"><span style=\"font-weight: 400;\">Podeu fer-la en directe a trav\u00e9s d\u2019alguna aplicaci\u00f3 de videoconfer\u00e8ncies (zoom, meet,&#8230;). Ens encarregarem nosaltres (les mestres) de convocar la reuni\u00f3 (data i hora) i crear un link per a les persones que vulguin assistir com a p\u00fablic. Qui estigui interessat\/da en aquest darrer format ha d\u2019escriure un mail al correu de 1r Cicle amb l&#8217;<\/span><i><span style=\"font-weight: 400;\">assumpte Confer\u00e8ncies<\/span><\/i><span style=\"font-weight: 400;\"> i ho parlem.<\/span><\/li>\n<\/ol>\n<p style=\"text-align: justify;\"><span style=\"font-weight: 400;\">&#8211; Altres recursos:<\/span><\/p>\n<ul style=\"text-align: justify;\">\n<li><a href=\"https:\/\/www.ccma.cat\/tv3\/super3\/una-ma-de-contes\/\"><span style=\"font-weight: 400;\">Contes per mirar i escoltar.<\/span><\/a><\/li>\n<li><a href=\"https:\/\/cavallfort.cat\/jo-em-quedo-a-casa\/\"><span style=\"font-weight: 400;\">Revistes infantils.\u00a0<\/span><\/a><\/li>\n<\/ul>\n<p style=\"text-align: justify;\"><span style=\"font-weight: 400;\">&#8211; Recordeu que aquesta setmana rebreu trucades en petit grup!. Quina emoci\u00f3!!<\/span><\/p>\n<p style=\"text-align: justify;\"><span style=\"font-weight: 400;\">&#8211; Fam\u00edlies! Recordeu que per poder fer un muntatge amb les fotos i treballs que ens envieu per penjar-ho al Web necessitem la vostra autoritzaci\u00f3. Per aquesta ra\u00f3, us demanem que ens feu arribar per mail, un escrit amb les vostres dades donant-nos perm\u00eds per penjar les fotos dels vostres fills\/es durant aquesta situaci\u00f3 excepcional.<\/span><\/p>\n<p>&nbsp;<\/p>\n<table>\n<tbody>\n<tr>\n<td>\n<h5><span style=\"color: #ff6600;\"><b>Autoavaluaci\u00f3.<\/b><\/span><\/h5>\n<\/td>\n<\/tr>\n<\/tbody>\n<\/table>\n<p style=\"text-align: justify;\"><i><span style=\"font-weight: 400;\"> (<\/span><\/i><a href=\"https:\/\/docs.google.com\/document\/d\/1sB9StWgA5Dln5usGjg2kzPU260WaDUz92LSl77vbHfI\/edit\"><i><span style=\"font-weight: 400;\">Aqu\u00ed<\/span><\/i><\/a><i><span style=\"font-weight: 400;\"> tens els link, per si vols descarregar-la, omplir-la a ordinador i tornar a enviar-nos-la)<\/span><\/i><\/p>\n<p style=\"text-align: justify;\"><span style=\"font-weight: 400;\">Quines propostes has triat fer?<\/span><\/p>\n<ul style=\"list-style-type: circle; text-align: justify;\">\n<li style=\"font-weight: 400;\"><span style=\"font-weight: 400;\">Reinventa la llegenda de Sant Jordi!<\/span><\/li>\n<li style=\"font-weight: 400;\"><span style=\"font-weight: 400;\">Tutorial: How to make a Saint George\u2019s paper rose.<\/span><\/li>\n<li style=\"font-weight: 400;\"><span style=\"font-weight: 400;\">Exposici\u00f3 de dracs!<\/span><\/li>\n<li style=\"font-weight: 400;\"><span style=\"font-weight: 400;\">Regle, llapis\u2026 i acci\u00f3!<\/span><\/li>\n<li style=\"font-weight: 400;\"><span style=\"font-weight: 400;\">Que comenci la funci\u00f3!<\/span><\/li>\n<li style=\"font-weight: 400;\"><span style=\"font-weight: 400;\">Un conte matem\u00e0tic.<\/span><\/li>\n<\/ul>\n<p style=\"text-align: justify;\"><span style=\"font-weight: 400;\">Explica perqu\u00e8 has triat fer-les.<\/span><\/p>\n<p style=\"text-align: justify;\"><span style=\"font-weight: 400;\">_______________________________________________________________________________________________________________________________________________________________________________________<\/span><\/p>\n<p style=\"text-align: justify;\"><span style=\"font-weight: 400;\">Quina activitat t\u2019ha costat fer? Com has aconseguit fer-la?<\/span><\/p>\n<p style=\"text-align: justify;\"><span style=\"font-weight: 400;\">________________________________________________________________________________________________________________________________________________________________________________________<\/span><\/p>\n<p style=\"text-align: justify;\"><span style=\"font-weight: 400;\">Quina activitat t\u2019ha agradat fer? Per qu\u00e8?<\/span><\/p>\n<p style=\"text-align: justify;\"><span style=\"font-weight: 400;\">________________________________________________________________________________________________________________________________________________________________________________________<\/span><\/p>\n<p style=\"text-align: justify;\"><span style=\"font-weight: 400;\">T\u2019agraden aquestes propostes? T\u2019esforces en fer-les o t\u2019ha d\u2019insistir molt la teva fam\u00edlia? ________________________________________________________________________________________________________________________________________________________________________________________<\/span><\/p>\n<p style=\"text-align: justify;\"><span style=\"font-weight: 400;\">Quina activitat has fet aquests dies a casa (que no sigui de les proposades per les mestres) i t\u2019agradaria que els teus companys\/es puguin fer? Explica qu\u00e8 creus que aprendran i per qu\u00e8 creus que els hi agradar\u00e0.\u00a0<\/span><\/p>\n<p style=\"text-align: justify;\"><span style=\"font-weight: 400;\">________________________________________________________________________________________________________________________________________________________________________________________<\/span><\/p>\n<p style=\"text-align: justify;\">\n","protected":false},"excerpt":{"rendered":"<p>Propostes per Primer Cicle: setmana del 21 al 28 d\u2019abril<br \/>\n(<a href=\"https:\/\/drive.google.com\/open?id=1WmXtdqa-GdAnCL0kYeWKtoQ8w3S0u2n6c1O6ZEbhw6U\">aqu\u00ed<\/a> teniu un document amb les propostes amb lletra de PAL)<\/p>\n<p>Aquesta \u00e9s una setmana mooooolt especial!!!!!&#8230;. Com?? Qu\u00e8 no saps el perqu\u00e8?? Doncs\u2026 perqu\u00e8 aquesta setmana es celebra SANT JORDI !! Com ja sabeu, a&hellip;  <a href=\"https:\/\/agora.xtec.cat\/ceiprieraderibes\/general\/propostes-per-primer-cicle-setmana-del-21-al-28-dabril\/\" title=\"Read Propostes per Primer Cicle: setmana del 21 al 28 d\u2019abril\">Llegeix m\u00e9s\u00bb<\/a><\/p>\n","protected":false},"author":175,"featured_media":9869,"comment_status":"open","ping_status":"closed","sticky":false,"template":"","format":"standard","meta":{"_bbp_topic_count":0,"_bbp_reply_count":0,"_bbp_total_topic_count":0,"_bbp_total_reply_count":0,"_bbp_voice_count":0,"_bbp_anonymous_reply_count":0,"_bbp_topic_count_hidden":0,"_bbp_reply_count_hidden":0,"_bbp_forum_subforum_count":0,"footnotes":""},"categories":[48,47,157,1,4],"tags":[],"class_list":["post-9868","post","type-post","status-publish","format-standard","has-post-thumbnail","hentry","category-generacio-2011","category-generacio-2012","category-generacio-2013","category-general","category-portada"],"post_mailing_queue_ids":[],"_links":{"self":[{"href":"https:\/\/agora.xtec.cat\/ceiprieraderibes\/wp-json\/wp\/v2\/posts\/9868","targetHints":{"allow":["GET"]}}],"collection":[{"href":"https:\/\/agora.xtec.cat\/ceiprieraderibes\/wp-json\/wp\/v2\/posts"}],"about":[{"href":"https:\/\/agora.xtec.cat\/ceiprieraderibes\/wp-json\/wp\/v2\/types\/post"}],"author":[{"embeddable":true,"href":"https:\/\/agora.xtec.cat\/ceiprieraderibes\/wp-json\/wp\/v2\/users\/175"}],"replies":[{"embeddable":true,"href":"https:\/\/agora.xtec.cat\/ceiprieraderibes\/wp-json\/wp\/v2\/comments?post=9868"}],"version-history":[{"count":3,"href":"https:\/\/agora.xtec.cat\/ceiprieraderibes\/wp-json\/wp\/v2\/posts\/9868\/revisions"}],"predecessor-version":[{"id":9885,"href":"https:\/\/agora.xtec.cat\/ceiprieraderibes\/wp-json\/wp\/v2\/posts\/9868\/revisions\/9885"}],"wp:featuredmedia":[{"embeddable":true,"href":"https:\/\/agora.xtec.cat\/ceiprieraderibes\/wp-json\/wp\/v2\/media\/9869"}],"wp:attachment":[{"href":"https:\/\/agora.xtec.cat\/ceiprieraderibes\/wp-json\/wp\/v2\/media?parent=9868"}],"wp:term":[{"taxonomy":"category","embeddable":true,"href":"https:\/\/agora.xtec.cat\/ceiprieraderibes\/wp-json\/wp\/v2\/categories?post=9868"},{"taxonomy":"post_tag","embeddable":true,"href":"https:\/\/agora.xtec.cat\/ceiprieraderibes\/wp-json\/wp\/v2\/tags?post=9868"}],"curies":[{"name":"wp","href":"https:\/\/api.w.org\/{rel}","templated":true}]}}