{"id":9820,"date":"2020-04-16T20:21:17","date_gmt":"2020-04-16T18:21:17","guid":{"rendered":"http:\/\/agora.xtec.cat\/ceiprieraderibes\/?p=9820"},"modified":"2020-04-16T20:22:18","modified_gmt":"2020-04-16T18:22:18","slug":"propostes-per-primer-cicle-setmana-del-15-al-21-dabril-2","status":"publish","type":"post","link":"https:\/\/agora.xtec.cat\/ceiprieraderibes\/portada\/propostes-per-primer-cicle-setmana-del-15-al-21-dabril-2\/","title":{"rendered":"Propostes per Primer Cicle: setmana del 15 al 21 d\u2019abril"},"content":{"rendered":"<h3><span style=\"color: #ff6600;\"><b>Propostes per Primer Cicle: setmana del 15 al 21 d\u2019abril<\/b><\/span><\/h3>\n<pre><span style=\"color: #999999;\"><em><span style=\"color: #0000ff;\">(<a style=\"color: #0000ff;\" href=\"https:\/\/drive.google.com\/open?id=1A5F9aA5zWQCYndbx6S8DVY9UCNBrjgITpT6pxfIbD_Y\">aqu\u00ed<\/a><\/span> teniu un document amb les propostes amb lletra de PAL)\r\n\r\n\r\n<\/em><\/span><\/pre>\n<p style=\"text-align: justify;\"><span style=\"font-weight: 400;\">Hola nens i nenes!! A continuaci\u00f3, us enviem 5 propostes per fer. A dins de cadascuna, hi ha diferents activitats a realitzar! Igual que en els racons, pots triar quines i quantes desenvolupar! Pots fer totes les que vulguis!! A mesura que les vagis fent, recorda enviar-nos-les per correu electr\u00f2nic. El mail \u00e9s <\/span><a href=\"mailto:primercicleriera@gmail.com\"><span style=\"font-weight: 400;\">primercicleriera@gmail.com<\/span><\/a><span style=\"font-weight: 400;\">.<\/span><\/p>\n<p>&nbsp;<\/p>\n<table style=\"height: 39px; width: 372px;\" width=\"328\">\n<tbody>\n<tr>\n<td style=\"width: 366px;\">\n<h5><span style=\"color: #ff6600;\"><b>La dansa dels capgrossos, t\u2019animes a ballar?<\/b><\/span><\/h5>\n<\/td>\n<\/tr>\n<\/tbody>\n<\/table>\n<h5><a style=\"font-family: inherit; font-size: 1em;\" href=\"https:\/\/drive.google.com\/open?id=1ieDv3Bm5hrgCirUtZbHvrltYE2VaqGXM\"><b>Fes clic per escoltar la introducci\u00f3!!!<\/b><\/a><\/h5>\n<p style=\"text-align: justify;\"><span style=\"font-weight: 400;\">Tal i com us hem explicat al v\u00eddeo, us proposem realitzar les seg\u00fcents activitats:<\/span><\/p>\n<ol>\n<li style=\"text-align: justify;\"><span style=\"font-weight: 400;\"> Mirar els v\u00eddeos de la dansa dels capgrossos de ribes i intentar ballar-la! Passareu una bona estona i no \u00e9s dif\u00edcil aprendre aquesta coreografia.\u00a0 A m\u00e9s segur que us sona molt la m\u00fasica.\u00a0<\/span><\/li>\n<\/ol>\n<p><a href=\"https:\/\/drive.google.com\/open?id=1KWqzhlFf_qgw_7DfqXukj1LZb2_AmPIM\">V\u00eddeo explicatiu dels passos.<\/a><\/p>\n<p><a href=\"https:\/\/drive.google.com\/open?id=1mU8LFyl3ZazTAS6AofoZd9DK8cyULRcX\">V\u00eddeo de la dansa.<\/a><\/p>\n<ol start=\"2\">\n<li><span style=\"font-weight: 400;\"> Com ja us podeu imaginar per ballar aquesta dansa necessitem un complement molt important. sabeu quin \u00e9s?&#8230;<\/span><\/li>\n<\/ol>\n<p><span style=\"font-weight: 400;\">Doncs s\u00ed, \u00e9s un capgr\u00f2s!\u00a0<\/span><\/p>\n<p style=\"text-align: justify;\"><span style=\"font-weight: 400;\">Molts de vosaltres (alumnes del projecte dansa ara) ja teniu un de comen\u00e7at, us animem a acabar de confeccionar-lo.\u00a0<\/span><\/p>\n<p style=\"text-align: justify;\"><span style=\"font-weight: 400;\">La resta d\u2019alumnes, si voleu, podeu comen\u00e7ar a fer un esb\u00f3s del vostre capgr\u00f2s. Ho podeu fer en paper (un autoretrat, i afegir-li complements per a que sigui m\u00e9s divertit). Si us animeu a continuar, a la <\/span><a href=\"https:\/\/agora.xtec.cat\/ceiprieraderibes\/portada\/com-fer-un-cabecut-cicle-inicial\/\"><span style=\"font-weight: 400;\">p\u00e0gina web de l\u2019escola<\/span><\/a><span style=\"font-weight: 400;\"> teniu un article on explica pas a pas com realitzar un cabe\u00e7ut amb la t\u00e8cnica del paper mach\u00e9.<\/span><span style=\"font-weight: 400;\">\u00a0<\/span><\/p>\n<ol start=\"3\">\n<li style=\"text-align: justify;\"><span style=\"font-weight: 400;\"> A m\u00e9s a m\u00e9s ens agradaria molt que feu un text amb una descripci\u00f3, junt amb una foto (ja sigui del capgr\u00f2s fet amb volum o esb\u00f3s en paper) del vostre cabe\u00e7ut. <\/span><span style=\"font-weight: 400;\">Teniu adjuntat <\/span><a href=\"https:\/\/docs.google.com\/document\/d\/1Kg1UQ5F9Q962rraxEJNTdoVZkjMVuWfWDkR0_eX-_jo\/edit\"><span style=\"font-weight: 400;\">models de descripci\u00f3<\/span><\/a><span style=\"font-weight: 400;\"> i un llistat <\/span><a href=\"https:\/\/drive.google.com\/open?id=1ZfvvsbUOLBuPlsCrPfR_ijPcxtgg5xmY\"><span style=\"font-weight: 400;\">d\u2019adjectius<\/span><\/a><span style=\"font-weight: 400;\"> per facilitar-vos la feina.<\/span><\/li>\n<\/ol>\n<p>&nbsp;<\/p>\n<p>&nbsp;<\/p>\n<table style=\"width: 271px;\">\n<tbody>\n<tr>\n<td style=\"width: 265px;\">\n<h5><span style=\"color: #ff6600;\"><b>El repte de la llista de la compra<\/b><\/span><\/h5>\n<\/td>\n<\/tr>\n<\/tbody>\n<\/table>\n<h5 style=\"text-align: center;\"><em><span style=\"font-weight: 400;\">La Marga ha anat a comprar i aqu\u00ed us presenta algunes de les coses que ha comprat amb el preu que valen cadascuna.<\/span><\/em><\/h5>\n<p><strong>TICKET:<\/strong><\/p>\n<table>\n<tbody>\n<tr>\n<td><span style=\"font-weight: 400;\">1KG DE MANDARINES\u2026.. 3,25 EUROS<\/span><\/td>\n<\/tr>\n<tr>\n<td><span style=\"font-weight: 400;\">1KG DE PATATES\u2026\u2026. 1,49 EUROS<\/span><\/td>\n<\/tr>\n<tr>\n<td><span style=\"font-weight: 400;\">\u00bd KG DE MONGETA\u2026.. 2,39 EUROS<\/span><\/td>\n<\/tr>\n<tr>\n<td><span style=\"font-weight: 400;\">1KG DE PASTANAGUES\u2026. 0.79 EUROS<\/span><\/td>\n<\/tr>\n<tr>\n<td><span style=\"font-weight: 400;\">\u00bd KG DE TOMAQUETS\u2026.. 1,83 EUROS<\/span><\/td>\n<\/tr>\n<tr>\n<td><span style=\"font-weight: 400;\">1 KG DE POMES\u2026&#8230; 1,45 EUROS<\/span><\/td>\n<\/tr>\n<tr>\n<td><span style=\"font-weight: 400;\">1 KG DE PL\u00c0TANS\u2026&#8230; 2,49 EUROS\u00a0<\/span><\/td>\n<\/tr>\n<tr>\n<td><span style=\"font-weight: 400;\">1 ENCIAM\u2026\u2026. 1,05 EUROS<\/span><\/td>\n<\/tr>\n<tr>\n<td><span style=\"font-weight: 400;\">2 BRICKS DE LLET \u2026..\u00a0 0,92 EUROS LA UNITAT<\/span><\/td>\n<\/tr>\n<\/tbody>\n<\/table>\n<p><em><b>AGAFA UN PAPER EN BLANC I ANIMA\u2019T A RESPONDRE AQUESTES PREGUNTES.<\/b><\/em><\/p>\n<p><em><strong>RECORDA!\u00a0\u00a0<\/strong><\/em><\/p>\n<p style=\"text-align: justify;\"><span style=\"font-weight: 400;\">Abans de respondre, posa el numeret de la pregunta per a que puguem saber a qu\u00e8 est\u00e0s contestant.\u00a0<\/span><span style=\"font-weight: 400;\">Si t\u2019equivoques, no passa res, no ho esborris. Volem veure com treballes.<\/span><\/p>\n<p><em><strong>MATERIAL:<\/strong><\/em><\/p>\n<ul>\n<li style=\"font-weight: 400;\"><span style=\"font-weight: 400;\"><em>Full blanc<\/em><\/span><\/li>\n<li style=\"font-weight: 400;\"><em><span style=\"font-weight: 400;\">Ll\u00e0pis<\/span><\/em><\/li>\n<li style=\"font-weight: 400;\"><em><span style=\"font-weight: 400;\">Calculadora (si et cal, si no en tens pots fer servir la del m\u00f2bil)<\/span><\/em><\/li>\n<li style=\"font-weight: 400;\"><em><span style=\"font-weight: 400;\">Monedes (si et cal)\u00a0<\/span><\/em><\/li>\n<li style=\"font-weight: 400;\"><em><span style=\"font-weight: 400;\">Altres materials que et puguin ajudar a calcular (si et cal, per exemple: taps)<\/span><\/em><\/li>\n<\/ul>\n<p><b>INTENTA FER-HO TOT!! VINGA VA, NO ET CANSIS I ATREVEIX-TE!!!<\/b><\/p>\n<p><em><strong>Q\u00dcESTIONS:<\/strong><\/em><\/p>\n<ol>\n<li style=\"font-weight: 400; text-align: justify;\"><span style=\"font-weight: 400;\">Dibuixa les monedes que necessita per pagar un quilo de pomes.<\/span><\/li>\n<li style=\"font-weight: 400; text-align: justify;\"><span style=\"font-weight: 400;\">Quants\u00a0 euros s\u2019hauria gastat si nom\u00e9s hagu\u00e9s comprat la fruita?<\/span><\/li>\n<li style=\"font-weight: 400; text-align: justify;\"><span style=\"font-weight: 400;\">De tota la llista que ha comprat, que creus que no ha trobat a lA prestatgeria de fruites i verdures?<\/span><\/li>\n<li style=\"font-weight: 400; text-align: justify;\"><span style=\"font-weight: 400;\">Quant li ha costat la llet?<\/span><\/li>\n<li style=\"font-weight: 400; text-align: justify;\"><span style=\"font-weight: 400;\">Quant creus que val tot el que ha comprat? Calculeu fent una suma a m\u00e0 (de la manera que tu saps) i despr\u00e9s fes-ho amb la calculadora.<\/span><\/li>\n<li style=\"font-weight: 400; text-align: justify;\"><span style=\"font-weight: 400;\">Amb quin bitllet (o bitllets) pot pagar tota la compra?<\/span><\/li>\n<li style=\"font-weight: 400; text-align: justify;\"><span style=\"font-weight: 400;\">Si\u00a0 paga amb un bitllet de 50\u20ac, quants diners li tornen de canvi?<\/span><\/li>\n<li style=\"font-weight: 400; text-align: justify;\"><span style=\"font-weight: 400;\">Comprova el teu resultat amb una calculadora.<\/span><\/li>\n<li style=\"font-weight: 400;\"><span style=\"font-weight: 400;\">Quants quilos aproximats diries que pesa tota la compra?<\/span><\/li>\n<\/ol>\n<p><span style=\"font-weight: 400;\">Fes una foto a les teves respostes i envia-ho a <\/span><a href=\"mailto:primercicleriera@gmail.com\"><span style=\"font-weight: 400;\">primercicleriera@gmail.com<\/span><\/a><span style=\"font-weight: 400;\"> .Tamb\u00e9 et pots gravar explicant com has resolt les diferents q\u00fcestions.<\/span><\/p>\n<p>&nbsp;<\/p>\n<table>\n<tbody>\n<tr>\n<td>\n<h5><span style=\"color: #ff6600;\"><b>Tot el que s\u00e9 de la por<\/b><\/span><\/h5>\n<\/td>\n<\/tr>\n<\/tbody>\n<\/table>\n<h5 style=\"text-align: justify;\"><span style=\"font-weight: 400;\">Totes i tots, en algun moment donat hem sentit <\/span><b>POR<\/b> <span style=\"font-weight: 400;\">a alguna cosa (real o irreal). Al protagonista del nostre conte tamb\u00e9 li passa com a nosaltres. Voleu saber quines coses li fan por i com ho soluciona? Doncs nom\u00e9s heu de mirar i escoltar atentament el seg\u00fcent v\u00eddeo!!<\/span><\/h5>\n<p><a href=\"https:\/\/drive.google.com\/open?id=17c--J7Xyyvo4SOPsY9I91SZ-WIeU_seU\"><img loading=\"lazy\" decoding=\"async\" class=\"alignleft size-thumbnail wp-image-9823\" src=\"https:\/\/agora.xtec.cat\/ceiprieraderibes\/wp-content\/uploads\/usu901\/2020\/04\/baixa-150x150.jpg\" alt=\"\" width=\"150\" height=\"150\" \/><\/a><\/p>\n<p><em>(Fes clic a la imatge)<\/em><\/p>\n<p style=\"text-align: justify;\"><span style=\"font-weight: 400;\">Conte contat, ja s\u2019ha acabat!!<\/span><\/p>\n<p style=\"text-align: justify;\"><span style=\"font-weight: 400;\">Qu\u00e8 us ha semblat?? Ara volem saber sobre vosaltres!! Qu\u00e8 us fa por? Quan sentiu aquesta por, qu\u00e8 feu? Qu\u00e8 us ajuda a tranquilitzar-vos? Hem pensat, que per explicar-ho podrieu fer alguna d\u2019aquestes coses (o inventar-vos una altra!):<\/span><\/p>\n<ul>\n<li style=\"font-weight: 400; text-align: justify;\"><span style=\"font-weight: 400;\">Escriure vosaltres tamb\u00e9 un petit conte sobre les vostres pors i\/o les de la vostra fam\u00edlia. El podeu enviar per escrit, gravar-vos llegint-lo&#8230;<\/span><\/li>\n<li style=\"font-weight: 400; text-align: justify;\"><span style=\"font-weight: 400;\">Escriure i dibuixar una p\u00e0gina m\u00e9s d\u2019aquest conte, com si f\u00f3ssiu els seus escriptors i il\u00b7lustradors (Jaume Copons i Pep Montserrat).<\/span><\/li>\n<li style=\"font-weight: 400;\"><span style=\"font-weight: 400;\">Escriure\u2019ns una carta explicant-nos les vostres pors.<\/span><\/li>\n<li style=\"font-weight: 400;\"><span style=\"font-weight: 400;\">Escriure un rodol\u00ed sobre la por.\u00a0<\/span><\/li>\n<\/ul>\n<p><span style=\"font-weight: 400;\">A m\u00e9s, tamb\u00e9 us proposem:<\/span><\/p>\n<ul>\n<li style=\"font-weight: 400; text-align: justify;\"><span style=\"font-weight: 400;\">Donar-li alguna altra soluci\u00f3 per alguna de les seves pors. Pot ser, tu tens altra manera de superar-la!<\/span><\/li>\n<li style=\"font-weight: 400; text-align: justify;\"><span style=\"font-weight: 400;\">Inventar-vos un altre final.<\/span><\/li>\n<li style=\"font-weight: 400; text-align: justify;\"><span style=\"font-weight: 400;\">Inventar-vos i dibuixar un monstre que faci<\/span><em><strong> MOLTA POR<\/strong><\/em><span style=\"font-weight: 400;\">. Fiqueu-li un nom, inventeu-vos quina personalitat t\u00e9, disfraceu-vos d\u2019ell\/a&#8230;\u00a0<\/span><\/li>\n<li style=\"font-weight: 400; text-align: justify;\"><span style=\"font-weight: 400;\">Escoltar i ballar la can\u00e7\u00f2 <\/span><a href=\"https:\/\/www.youtube.com\/watch?v=hJhPcsImJjI\"><span style=\"font-weight: 400;\">Uh! Oh! No tinc por!<\/span><\/a><\/li>\n<\/ul>\n<p>&nbsp;<\/p>\n<table>\n<tbody>\n<tr>\n<td>\n<h5><span style=\"color: #ff6600;\"><b>I can sing a rainbow!<\/b><\/span><\/h5>\n<\/td>\n<\/tr>\n<\/tbody>\n<\/table>\n<h5><b>WATCH SOFIA\u2019S VIDEO: ENGLISH CORNER. I CAN SING A RAINBOW<\/b><\/h5>\n<p><b style=\"font-family: inherit; font-size: 1em;\">\u00a0<\/b><b style=\"font-family: inherit; font-size: 1em;\">Fes clic a la imatge!!<\/b><a href=\"https:\/\/drive.google.com\/open?id=1VpebkTdYEkfB7n2mIOfM7ykD2pCR8eJr\"><b><img loading=\"lazy\" decoding=\"async\" class=\"wp-image-9825 alignleft\" src=\"https:\/\/agora.xtec.cat\/ceiprieraderibes\/wp-content\/uploads\/usu901\/2020\/04\/artworks-000050032335-le33za-original-150x150.jpg\" alt=\"\" width=\"118\" height=\"118\" \/><\/b><\/a><\/p>\n<p>&nbsp;<\/p>\n<p>&nbsp;<\/p>\n<p><b>1. Does the song forget any colour to mention? Which ones?<\/b><\/p>\n<p>1. Oblida la can\u00e7\u00f3 esmentar cap color? Quins?<\/p>\n<p><b>2. Make a video or record your voice singing the song.<\/b><\/p>\n<p><span style=\"font-weight: 400;\">2.Enregistra un v\u00eddeo o un \u00e0udio cantant la can\u00e7\u00f3.<\/span><\/p>\n<p><b><\/b><span style=\"font-weight: 400;\"> \u00a0<\/span><b>3. Write the colours in english next to the colours of a rainbow.<\/b><\/p>\n<p><span style=\"font-weight: 400;\">3.Escriu els colors en angl\u00e8s al costat dels colors d\u2019un arc de Sant Mart\u00ed. Aquest v\u00eddeo et pot ajudar a recordar-los: fes clic <\/span><a href=\"https:\/\/www.youtube.com\/watch?v=vbngep5bpOg\"><span style=\"font-weight: 400;\">aqu\u00ed.<\/span><\/a><\/p>\n<table style=\"height: 62px;\">\n<tbody>\n<tr style=\"height: 31px;\">\n<td style=\"height: 31px; width: 81px; text-align: center;\"><span style=\"color: #ff0000;\"><b>RED<\/b><\/span><\/td>\n<td style=\"height: 31px; width: 80px; text-align: center;\"><span style=\"color: #ffff00;\"><b>YELLOW<\/b><\/span><\/td>\n<td style=\"height: 31px; width: 58px; text-align: center;\"><span style=\"color: #ff00ff;\"><b>PINK<\/b><\/span><\/td>\n<td style=\"height: 31px; width: 70px; text-align: center;\"><span style=\"color: #99cc00;\"><b>GREEN<\/b><\/span><\/td>\n<\/tr>\n<tr style=\"height: 31px;\">\n<td style=\"height: 31px; width: 81px; text-align: center;\"><span style=\"color: #ff6600;\"><b>ORANGE<\/b><\/span><\/td>\n<td style=\"height: 31px; width: 80px; text-align: center;\"><span style=\"color: #800080;\"><b>PURPLE<\/b><\/span><\/td>\n<td style=\"height: 31px; width: 58px; text-align: center;\"><span style=\"color: #3366ff;\"><b>BLUE<\/b><\/span><\/td>\n<td style=\"height: 31px; width: 70px; text-align: center;\"><span style=\"font-weight: 400;\">\u00a0<\/span><\/td>\n<\/tr>\n<\/tbody>\n<\/table>\n<p>&nbsp;<\/p>\n<p style=\"text-align: justify;\"><b>BEFORE WE FINISH, THERE IS SOMETHING I DON\u2019T UNDERSTAND\u2026 TO ME, IT DOESN\u2019T MAKE ANY SENSE WHEN THE SONG SINGS <\/b><b><i>\u201cLISTEN WITH YOUR EYES\u201d<\/i><\/b><b>. IT SHOULD SAY: <\/b><b><i>\u201cLISTEN WITH YOUR _ _ _ _!\u201d<\/i><\/b><\/p>\n<p style=\"text-align: justify;\"><span style=\"font-weight: 400;\">ABANS D\u2019ACABAR, HI HA UNA COSA QUE NO ACABO D\u2019ENTENDRE\u2026 NO T\u00c9 CAP SENTIT QUAN LA CAN\u00c7\u00d3 DIU \u201cLISTEN WITH YOUR EYES\u201d. HAURIA DE DIR: <\/span><b>\u201cLISTEN WITH YOUR _ _ _ _!\u201d<\/b><\/p>\n<p><b>SEE YOU SOON!<\/b><\/p>\n<p style=\"text-align: center;\"><span style=\"color: #ff00ff;\"><em><b>AND REMEMBER THAT, WITHOUT THE RAIN, THERE WOULD NEVER BE RAINBOWS.<\/b><\/em><\/span><\/p>\n<p style=\"text-align: center;\"><span style=\"color: #ff00ff;\"><em><span style=\"font-weight: 400;\">I RECORDA QUE, SENSE PLUJA, MAI NO HI HAURIEN ARCS DE SANT MART\u00cd.<\/span><\/em><\/span><\/p>\n<p>&nbsp;<\/p>\n<table>\n<tbody>\n<tr>\n<td>\n<h5><span style=\"color: #ff6600;\"><b>I ara, a moure\u2019s!! Repte setmanal!<\/b><\/span><\/h5>\n<\/td>\n<\/tr>\n<\/tbody>\n<\/table>\n<p style=\"text-align: justify;\"><span style=\"font-weight: 400;\">Us presentem el<a href=\"https:\/\/drive.google.com\/open?id=1V3paFcMNaG-jyMoszW-6i_GaoBMsmAQH\"> joc de taula<\/a> que hem creat basant-nos en el tradicional Joc de l\u2019Oca per a que realitzeu activitats f\u00edsiques mentre jugueu a casa. Per a jugar, sols necessiteu un dau i unes fitxes o qualsevol cosa per marcar les caselles que us toca a mesura que aneu avan\u00e7ant. A cada casella haureu de fer l\u2019exercici f\u00edsic explicat al full de Llegenda o b\u00e9, seguir les indicacions que v\u00e9nen marcades. Podeu imprimir els fulls o jugar a sobre de la tablet. Esperem que us agradi i jugueu molt. Convideu als vostres familiars a jugar amb vosaltres, de segur que passeu una bona estona!<\/span><\/p>\n<p>&nbsp;<\/p>\n<p><span style=\"color: #ff6600;\"><b>REPTES 1\u00aa SETMANA <a href=\"https:\/\/drive.google.com\/open?id=1ssmBcIWf5VLWgvQ_j-QyE8d-eClN2ftA\">(Fes clic per veure exemple)<\/a><\/b><\/span><\/p>\n<p style=\"text-align: justify;\"><span style=\"font-weight: 400;\">1r REPTE. Formar lletres amb el cos: Fent servir el vostre cos haureu de formar tantes lletres com pugueu.<\/span><\/p>\n<p style=\"text-align: justify;\"><span style=\"font-weight: 400;\">2n REPTE. Salta l\u2019escombra: Per a fer aquest repte necessitarem una escombra i alg\u00fa que subjecti i mogui l\u2019escombra d\u2019un costat a l\u2019altre. El repte consisteix en fer el m\u00e0xim nombre de salts en 30 segons.<\/span><\/p>\n<p style=\"text-align: justify;\"><span style=\"font-weight: 400;\">3r REPTE. Encistella les pilotes: agafa una galleda o paperera i posa\u2019l a una certa dist\u00e0ncia. Si no tens pilotes, pots agafar fulls de diari, de llibreta (que no necessitis)&#8230; i improvisar-ne unes poques. El repte consisteix en llan\u00e7ar 5 pilotes i veure quantes\u00a0 pots encistellar.<\/span><\/p>\n<p style=\"text-align: justify;\"><span style=\"font-weight: 400;\">4t REPTE Equilibristes higi\u00e8nics: Per fer aquest repte, sols necessitareu un rotllo de paper higi\u00e8nic. Haureu de transportar el rotllo a sobre del cap des de la paret d\u2019una habitaci\u00f3 fins a l\u2019altra intentant que el rotllo no us caigui del cap. Heu de veure quantes vegades toqueu les parets en 30 segons.<\/span><\/p>\n<p style=\"text-align: justify;\"><span style=\"font-weight: 400;\">5\u00e8 REPTE. Endevinar oficis: Sense fer servir les paraules haureu de representar\u00a0 accions d\u2019oficis i els vostres familiars hauran d\u2019endevinar de quins oficis es tracta. Per exemple: mec\u00e0nic. Haureu de fer com si reparareu el motor d\u2019un cotxe, canviareu la roda&#8230; A veure quants oficis sou capa\u00e7os de representar!<\/span><\/p>\n<p style=\"text-align: justify;\"><span style=\"font-weight: 400;\">Recorda compartir amb nosaltres alguna foto dels teus reptes!! I si no ho aconsegueixes, no passa res!! Continua treballant i esfor\u00e7ant-te!!\u00a0<\/span><\/p>\n","protected":false},"excerpt":{"rendered":"<p>Propostes per Primer Cicle: setmana del 15 al 21 d\u2019abril<br \/>\n(<a style=\"color: #0000ff;\" href=\"https:\/\/drive.google.com\/open?id=1A5F9aA5zWQCYndbx6S8DVY9UCNBrjgITpT6pxfIbD_Y\">aqu\u00ed<\/a> teniu un document amb les propostes amb lletra de PAL)<\/p>\n<p>Hola nens i nenes!! A continuaci\u00f3, us enviem 5 propostes per fer. A dins de cadascuna, hi ha diferents activitats a realitzar! Igual&hellip;  <a href=\"https:\/\/agora.xtec.cat\/ceiprieraderibes\/portada\/propostes-per-primer-cicle-setmana-del-15-al-21-dabril-2\/\" title=\"Read Propostes per Primer Cicle: setmana del 15 al 21 d\u2019abril\">Llegeix m\u00e9s\u00bb<\/a><\/p>\n","protected":false},"author":175,"featured_media":9825,"comment_status":"open","ping_status":"closed","sticky":false,"template":"","format":"standard","meta":{"_bbp_topic_count":0,"_bbp_reply_count":0,"_bbp_total_topic_count":0,"_bbp_total_reply_count":0,"_bbp_voice_count":0,"_bbp_anonymous_reply_count":0,"_bbp_topic_count_hidden":0,"_bbp_reply_count_hidden":0,"_bbp_forum_subforum_count":0,"footnotes":""},"categories":[48,47,157,4],"tags":[],"class_list":["post-9820","post","type-post","status-publish","format-standard","has-post-thumbnail","hentry","category-generacio-2011","category-generacio-2012","category-generacio-2013","category-portada"],"post_mailing_queue_ids":[],"_links":{"self":[{"href":"https:\/\/agora.xtec.cat\/ceiprieraderibes\/wp-json\/wp\/v2\/posts\/9820","targetHints":{"allow":["GET"]}}],"collection":[{"href":"https:\/\/agora.xtec.cat\/ceiprieraderibes\/wp-json\/wp\/v2\/posts"}],"about":[{"href":"https:\/\/agora.xtec.cat\/ceiprieraderibes\/wp-json\/wp\/v2\/types\/post"}],"author":[{"embeddable":true,"href":"https:\/\/agora.xtec.cat\/ceiprieraderibes\/wp-json\/wp\/v2\/users\/175"}],"replies":[{"embeddable":true,"href":"https:\/\/agora.xtec.cat\/ceiprieraderibes\/wp-json\/wp\/v2\/comments?post=9820"}],"version-history":[{"count":4,"href":"https:\/\/agora.xtec.cat\/ceiprieraderibes\/wp-json\/wp\/v2\/posts\/9820\/revisions"}],"predecessor-version":[{"id":9870,"href":"https:\/\/agora.xtec.cat\/ceiprieraderibes\/wp-json\/wp\/v2\/posts\/9820\/revisions\/9870"}],"wp:featuredmedia":[{"embeddable":true,"href":"https:\/\/agora.xtec.cat\/ceiprieraderibes\/wp-json\/wp\/v2\/media\/9825"}],"wp:attachment":[{"href":"https:\/\/agora.xtec.cat\/ceiprieraderibes\/wp-json\/wp\/v2\/media?parent=9820"}],"wp:term":[{"taxonomy":"category","embeddable":true,"href":"https:\/\/agora.xtec.cat\/ceiprieraderibes\/wp-json\/wp\/v2\/categories?post=9820"},{"taxonomy":"post_tag","embeddable":true,"href":"https:\/\/agora.xtec.cat\/ceiprieraderibes\/wp-json\/wp\/v2\/tags?post=9820"}],"curies":[{"name":"wp","href":"https:\/\/api.w.org\/{rel}","templated":true}]}}