{"id":9535,"date":"2020-02-10T17:49:19","date_gmt":"2020-02-10T16:49:19","guid":{"rendered":"http:\/\/agora.xtec.cat\/ceiprieraderibes\/?p=9535"},"modified":"2020-03-10T15:12:47","modified_gmt":"2020-03-10T14:12:47","slug":"tenim-llibres-nous","status":"publish","type":"post","link":"https:\/\/agora.xtec.cat\/ceiprieraderibes\/general\/tenim-llibres-nous\/","title":{"rendered":"TENIM LLIBRES NOUS!"},"content":{"rendered":"<p><span style=\"font-weight: 400;\">\u00c9s dimarts a la tarda i estem emocionats! Avui ha vingut la bibliotec\u00e0ria de la biblioteca del poble i ens ha portat llibres nous pel nostre rac\u00f3. De tant en tant, m\u00e9s o menys un cop al mes, les bibliotec\u00e0ries ens deixen una caixa plena de llibres. Cada vegada s\u00f3n d\u2019una tem\u00e0tica diferent; de gallines, d\u2019\u00f3ssos, de circ, de la tardor, de monstres, etc. N\u2019hi ha que tenen m\u00e9s lletra, d\u2019altres que nom\u00e9s s\u00f3n d\u2019imatges, llibres que s\u2019estiren i es dobleguen o llibres en qu\u00e8 has de trobar personatges amagats. Cada llibre t\u00e9 la seva hist\u00f2ria i la seva pr\u00f2pia m\u00e0gia, i, \u00e9s clar, ens agrada molt viure i imaginar aventures diferents. Dins la capsa de llibres hi ha gustos per tothom; n\u2019hi ha de llargs, de curts, d\u2019aventures o de misteri; alguns ens fan riure i d\u2019altres ens emocionen. A m\u00e9s a m\u00e9s els podem trobar en diferents idiomes i en lletres de mides i formes variades&#8230;\u00a0 \u00c9s una selecci\u00f3 acurada de llibres i \u00e0lbums il\u00b7lustrats pensats perqu\u00e8 cadasc\u00fa vagi trobant el propi gust per la lectura i vagi trobant moments exitosos aprenent a llegir.\u00a0<\/span><\/p>\n<p><span style=\"font-weight: 400;\">Avui el rac\u00f3 est\u00e0 ple! Els infants esperen aquest dia amb moltes ganes i es troben pel passad\u00eds per anar al rac\u00f3 de llibres, talment com si anessin a veure un espectacle d\u2019\u00e8xit i s\u2019haguessin esgotat les entrades.\u00a0<\/span><\/p>\n<p><span style=\"font-weight: 400;\">Quan ve la bibliotec\u00e0ria \u00e9s un dia que ens encanta. \u00c9s meravell\u00f3s escoltar com ens expliquen els llibres i qu\u00e8 b\u00e9 que llegeixen les bibliotec\u00e0ries, l\u2019Anna i l\u2019Esther. De qu\u00e8 seran els llibres aquest cop?<\/span><\/p>\n<p><span style=\"font-weight: 400;\">Ens quedem embadalits escoltant atentament les hist\u00f2ries i coneixent nous personatges que ens transporten a imaginar, a situar-nos, a identificar-nos, &#8230;\u00a0 Les bibliotec\u00e0ries actuen com a model lector d\u2019un alt nivell. Llegeixen amb entonaci\u00f3, variant el to de veu quan cal, captant sempre l\u2019atenci\u00f3 del p\u00fablic. \u00c9s l\u2019apropament de l\u2019escola al poble, a l\u2019entorn proper. El vincle escola i biblioteca va creixent i enfortint-se, fet que ens fa pensar en el moment educatiu actual en qu\u00e8 l\u2019educaci\u00f3 no rau nom\u00e9s en tot all\u00f2 que passa a l\u2019escola. Donar experi\u00e8ncies properes als infants, que coneguin els serveis del poble, que puguin anar a visitar la biblioteca amb les seves fam\u00edlies, a llogar llibres, o a participar d\u2019activitats l\u00fadiques i culturals que la mateixa biblioteca organitza. El vincle generat amb la biblioteca \u00e9s una eina molt forta per fomentar la passi\u00f3 pels llibres i el gust per la lectura, implicant les fam\u00edlies en l\u2019aventura d\u2019aprendre a llegir.<\/span><\/p>\n<p><span style=\"font-weight: 400;\">Els llibres de la biblioteca els tractem com un tresor; els de l\u2019escola tamb\u00e9, per\u00f2 aquests s\u00f3n especials. Els infants en tenen cura i vigilen de passar les p\u00e0gines amb compte. Hi ha vegades que es reserven el llibre que voldran llegir l\u2019endem\u00e0. N\u2019hi ha d\u2019altres que troben el seu llibre preferit i el volen llegir cada dia, d\u2019altres que s\u2019atreveixen a explicar contes als companys imitant l\u2019entonaci\u00f3 i gestos de l\u2019Esther i l\u2019Anna&#8230; Tamb\u00e9 n\u2019hi ha algun que no ens fa massa el pes i es queda al fons de la caixa (tal i com diu Daniel Pennac en el seu dec\u00e0leg, \u201ccom una novel\u00b7la\u201d, editorial Emp\u00faries, 1993: <\/span><i><span style=\"font-weight: 400;\">el lector t\u00e9 dret a que un llibre no li agradi.<\/span><\/i><span style=\"font-weight: 400;\"> )<\/span><\/p>\n<p><span style=\"font-weight: 400;\">A l\u2019hora de recollir el rac\u00f3, els llibres de la biblioteca han de quedar ben guardats a la caixa. Repassem la llista que tenim i quan hi s\u00f3n tots, la tanquem i la desem fins l\u2019endem\u00e0, que es tornar\u00e0 a obrir i ens tornar\u00e0 a omplir la sala de p\u00e0gines obertes plenes d\u2019imaginaci\u00f3 i d\u2019hist\u00f2ries que volaran pels caps dels nens i nenes i dels no tan nens.<\/span><\/p>\n<p><span style=\"font-weight: 400;\">El dia que canviem de llibres \u00e9s una mica agredol\u00e7 perqu\u00e8 tot i que tenir llibres nous ens encanta, ens sap greu que s\u2019emportin els llibres als que hem agafat estima, aquells que de cop i volta s\u2019han convertit en els nostres preferits. Aquesta \u00e9s la gr\u00e0cia. El fet de connectar les activitats de l\u2019escola amb la biblioteca del poble, fa que alguns infants demanin a les fam\u00edlies d\u2019anar a la biblioteca a tornar a mirar aquell llibre que els agradava i que pr\u00e0cticament se\u2019l saben de mem\u00f2ria.\u00a0<\/span><\/p>\n<p><span style=\"font-weight: 400;\">I, aix\u00ed, d\u2019aquesta manera, poc a poc es van interessant per les lletres, i, com qui no vol la cosa, els petits de 3 a 5 anys comencen el que ser\u00e0 el llarg viatge de l\u2019aprendre a llegir.<\/span><\/p>\n<p>&nbsp;<\/p>\n\r\n\t<div class=\"slideshow_container slideshow_container_style-light\" style=\"height: 500px; \" data-slideshow-id=\"9536\" data-style-name=\"style-light\" data-style-version=\"2.3.1\" >\r\n\r\n\t\t\t\t\t<div class=\"slideshow_loading_icon\"><\/div>\r\n\t\t\r\n\t\t<div class=\"slideshow_content\" style=\"display: none;\">\r\n\r\n\t\t\t<div class=\"slideshow_view\">\r\n\t\t\t\t<div class=\"slideshow_slide slideshow_slide_image\">\r\n\t\t\t\t\t\t\t\t\t\t\t<img src=\"https:\/\/agora.xtec.cat\/ceiprieraderibes\/wp-content\/uploads\/usu901\/2020\/02\/C\u00f2pia-de-20191203_154301-min.jpg\" alt=\"C\u00f2pia de 20191203_154301-min\" width=\"4128\" height=\"3096\" \/>\r\n\t\t\t\t\t\t\t\t\t\t<div class=\"slideshow_description_box slideshow_transparent\">\r\n\t\t\t\t\t\t\t\t\t\t\t\t\t\t\t\t\t<\/div>\r\n\t\t\t\t<\/div>\r\n\r\n\t\t\t\t\t\t<div style=\"clear: both;\"><\/div><\/div><div class=\"slideshow_view\">\r\n\t\t\t\t<div class=\"slideshow_slide slideshow_slide_image\">\r\n\t\t\t\t\t\t\t\t\t\t\t<img src=\"https:\/\/agora.xtec.cat\/ceiprieraderibes\/wp-content\/uploads\/usu901\/2020\/02\/C\u00f2pia-de-20191203_153106-min.jpg\" alt=\"C\u00f2pia de 20191203_153106-min\" width=\"4128\" height=\"3096\" \/>\r\n\t\t\t\t\t\t\t\t\t\t<div class=\"slideshow_description_box slideshow_transparent\">\r\n\t\t\t\t\t\t\t\t\t\t\t\t\t\t\t\t\t<\/div>\r\n\t\t\t\t<\/div>\r\n\r\n\t\t\t\t\t\t<div style=\"clear: both;\"><\/div><\/div><div class=\"slideshow_view\">\r\n\t\t\t\t<div class=\"slideshow_slide slideshow_slide_image\">\r\n\t\t\t\t\t\t\t\t\t\t\t<img src=\"https:\/\/agora.xtec.cat\/ceiprieraderibes\/wp-content\/uploads\/usu901\/2020\/02\/C\u00f2pia-de-20191112_160259-min.jpg\" alt=\"C\u00f2pia de 20191112_160259-min\" width=\"4128\" height=\"3096\" \/>\r\n\t\t\t\t\t\t\t\t\t\t<div class=\"slideshow_description_box slideshow_transparent\">\r\n\t\t\t\t\t\t\t\t\t\t\t\t\t\t\t\t\t<\/div>\r\n\t\t\t\t<\/div>\r\n\r\n\t\t\t\t\t\t<div style=\"clear: both;\"><\/div><\/div><div class=\"slideshow_view\">\r\n\t\t\t\t<div class=\"slideshow_slide slideshow_slide_image\">\r\n\t\t\t\t\t\t\t\t\t\t\t<img src=\"https:\/\/agora.xtec.cat\/ceiprieraderibes\/wp-content\/uploads\/usu901\/2020\/02\/C\u00f2pia-de-20191112_152108-min.jpg\" alt=\"C\u00f2pia de 20191112_152108-min\" width=\"4128\" height=\"3096\" \/>\r\n\t\t\t\t\t\t\t\t\t\t<div class=\"slideshow_description_box slideshow_transparent\">\r\n\t\t\t\t\t\t\t\t\t\t\t\t\t\t\t\t\t<\/div>\r\n\t\t\t\t<\/div>\r\n\r\n\t\t\t\t\t\t<div style=\"clear: both;\"><\/div><\/div><div class=\"slideshow_view\">\r\n\t\t\t\t<div class=\"slideshow_slide slideshow_slide_image\">\r\n\t\t\t\t\t\t\t\t\t\t\t<img src=\"https:\/\/agora.xtec.cat\/ceiprieraderibes\/wp-content\/uploads\/usu901\/2020\/02\/C\u00f2pia-de-20191203_155824-min.jpg\" alt=\"C\u00f2pia de 20191203_155824-min\" width=\"4128\" height=\"3096\" \/>\r\n\t\t\t\t\t\t\t\t\t\t<div class=\"slideshow_description_box slideshow_transparent\">\r\n\t\t\t\t\t\t\t\t\t\t\t\t\t\t\t\t\t<\/div>\r\n\t\t\t\t<\/div>\r\n\r\n\t\t\t\t\t\t<div style=\"clear: both;\"><\/div><\/div><div class=\"slideshow_view\">\r\n\t\t\t\t<div class=\"slideshow_slide slideshow_slide_image\">\r\n\t\t\t\t\t\t\t\t\t\t\t<img src=\"https:\/\/agora.xtec.cat\/ceiprieraderibes\/wp-content\/uploads\/usu901\/2020\/02\/20191112_153114-min.jpg\" alt=\"20191112_153114-min\" width=\"4128\" height=\"3096\" \/>\r\n\t\t\t\t\t\t\t\t\t\t<div class=\"slideshow_description_box slideshow_transparent\">\r\n\t\t\t\t\t\t\t\t\t\t\t\t\t\t\t\t\t<\/div>\r\n\t\t\t\t<\/div>\r\n\r\n\t\t\t\t\t\t<div style=\"clear: both;\"><\/div><\/div>\r\n\t\t<\/div>\r\n\r\n\t\t<div class=\"slideshow_controlPanel slideshow_transparent\" style=\"display: none;\"><ul><li class=\"slideshow_togglePlay\" data-play-text=\"Visualitza\" data-pause-text=\"Pausa\"><\/li><\/ul><\/div>\r\n\r\n\t\t<div class=\"slideshow_button slideshow_previous slideshow_transparent\" role=\"button\" data-previous-text=\"Anterior\" style=\"display: none;\"><\/div>\r\n\t\t<div class=\"slideshow_button slideshow_next slideshow_transparent\" role=\"button\" data-next-text=\"Seg\u00fcent\" style=\"display: none;\"><\/div>\r\n\r\n\t\t<div class=\"slideshow_pagination\" style=\"display: none;\" data-go-to-text=\"V\u00e9s a la diapositiva\"><div class=\"slideshow_pagination_center\"><\/div><\/div>\r\n\r\n\t\t<!-- WordPress Slideshow Version 2.3.1 -->\r\n\r\n\t\t\t<\/div>\r\n\r\n\n","protected":false},"excerpt":{"rendered":"<p>\u00c9s dimarts a la tarda i estem emocionats! Avui ha vingut la bibliotec\u00e0ria de la biblioteca del poble i ens ha portat llibres nous pel nostre rac\u00f3. De tant en tant, m\u00e9s o menys un cop al mes, les bibliotec\u00e0ries ens deixen una caixa plena&hellip;  <a href=\"https:\/\/agora.xtec.cat\/ceiprieraderibes\/general\/tenim-llibres-nous\/\" title=\"Read TENIM LLIBRES NOUS!\">Llegeix m\u00e9s\u00bb<\/a><\/p>\n","protected":false},"author":357,"featured_media":9542,"comment_status":"open","ping_status":"closed","sticky":false,"template":"","format":"standard","meta":{"_bbp_topic_count":0,"_bbp_reply_count":0,"_bbp_total_topic_count":0,"_bbp_total_reply_count":0,"_bbp_voice_count":0,"_bbp_anonymous_reply_count":0,"_bbp_topic_count_hidden":0,"_bbp_reply_count_hidden":0,"_bbp_forum_subforum_count":0,"footnotes":""},"categories":[177,196,201,1,4],"tags":[],"class_list":["post-9535","post","type-post","status-publish","format-standard","has-post-thumbnail","hentry","category-generacio-2014","category-generacio-2015","category-generacio-2016","category-general","category-portada"],"post_mailing_queue_ids":[],"_links":{"self":[{"href":"https:\/\/agora.xtec.cat\/ceiprieraderibes\/wp-json\/wp\/v2\/posts\/9535","targetHints":{"allow":["GET"]}}],"collection":[{"href":"https:\/\/agora.xtec.cat\/ceiprieraderibes\/wp-json\/wp\/v2\/posts"}],"about":[{"href":"https:\/\/agora.xtec.cat\/ceiprieraderibes\/wp-json\/wp\/v2\/types\/post"}],"author":[{"embeddable":true,"href":"https:\/\/agora.xtec.cat\/ceiprieraderibes\/wp-json\/wp\/v2\/users\/357"}],"replies":[{"embeddable":true,"href":"https:\/\/agora.xtec.cat\/ceiprieraderibes\/wp-json\/wp\/v2\/comments?post=9535"}],"version-history":[{"count":3,"href":"https:\/\/agora.xtec.cat\/ceiprieraderibes\/wp-json\/wp\/v2\/posts\/9535\/revisions"}],"predecessor-version":[{"id":9706,"href":"https:\/\/agora.xtec.cat\/ceiprieraderibes\/wp-json\/wp\/v2\/posts\/9535\/revisions\/9706"}],"wp:featuredmedia":[{"embeddable":true,"href":"https:\/\/agora.xtec.cat\/ceiprieraderibes\/wp-json\/wp\/v2\/media\/9542"}],"wp:attachment":[{"href":"https:\/\/agora.xtec.cat\/ceiprieraderibes\/wp-json\/wp\/v2\/media?parent=9535"}],"wp:term":[{"taxonomy":"category","embeddable":true,"href":"https:\/\/agora.xtec.cat\/ceiprieraderibes\/wp-json\/wp\/v2\/categories?post=9535"},{"taxonomy":"post_tag","embeddable":true,"href":"https:\/\/agora.xtec.cat\/ceiprieraderibes\/wp-json\/wp\/v2\/tags?post=9535"}],"curies":[{"name":"wp","href":"https:\/\/api.w.org\/{rel}","templated":true}]}}