{"id":9432,"date":"2019-11-21T12:40:13","date_gmt":"2019-11-21T11:40:13","guid":{"rendered":"http:\/\/agora.xtec.cat\/ceiprieraderibes\/?p=9432"},"modified":"2019-11-21T12:40:13","modified_gmt":"2019-11-21T11:40:13","slug":"raco-de-llums-i-ombres","status":"publish","type":"post","link":"https:\/\/agora.xtec.cat\/ceiprieraderibes\/portada\/raco-de-llums-i-ombres\/","title":{"rendered":"Rac\u00f3 de Llums i ombres"},"content":{"rendered":"<p><span style=\"font-weight: 400\">Des del rac\u00f3 de \u201c\u201dLlums i ombres\u201d hem estat investigant les ombres. Durant\u00a0 aquests dies ens han sorgit una pila de preguntes que hem anat <\/span><span style=\"font-weight: 400\">resolent i encara hi continuarem treballant.<\/span><\/p>\n<p><i><span style=\"font-weight: 400\">Les ombres s\u00f3n sempre negres?\u00a0<\/span><\/i><\/p>\n<p><i><span style=\"font-weight: 400\">A la nit podem trobar ombres?<\/span><\/i><\/p>\n<p><i><span style=\"font-weight: 400\">Podem escapar de la nostra ombra?<\/span><\/i><\/p>\n<p><i><span style=\"font-weight: 400\">Podem atrapar l\u2019ombra dels nostres companys i companyes?&#8230;<\/span><\/i><\/p>\n<p><span style=\"font-weight: 400\">Totes aquestes preguntes ens han portat a respostes molt interessants o encara ens han fet sorgir m\u00e9s dubtes\u2026\u00a0<\/span><\/p>\n<p><span style=\"font-weight: 400\">Hem descobert que les ombres acostumen a ser de color gris, experimentant amb diferents materials hem comprovat que podem trobar-ne\u00a0 de diferents colors. Gr\u00e0cies a aquest treball han sorgit conceptes com la transpar\u00e8ncia o l\u2019opacitat aix\u00ed com les difer\u00e8ncies entre els materials que tenim al nostre abast.\u00a0<\/span><\/p>\n<p><span style=\"font-weight: 400\">Vam intentar escapar de les nostres ombres per\u00f2 era molt dif\u00edcil\u2026 alguns nens i nenes van tenir molt bones idees per provar-ho:<\/span><\/p>\n<p><span style=\"font-weight: 400\">Treure\u2019ns les sabates, saltar molt alt, c\u00f3rrer molt r\u00e0pid\u2026 per\u00f2 res ens va funcionar&#8230;<\/span><\/p>\n<p><span style=\"font-weight: 400\">Sab\u00edeu que hi ha dies on les ombres desapareixen i s\u00f3n molt dif\u00edcils de trobar? Nosaltres ho vam descobrir un dia que el cel estava molt tapat, vam sortir a \u201cCa\u00e7ar ombres\u201d i no les vam poder trobar.. ens vam adonar que els n\u00favols no deixaven passar la llum del sol i per aquest motiu no podiem trobar-les.\u00a0<\/span><\/p>\n<p><span style=\"font-weight: 400\">El que ens ha quedat m\u00e9s clar\u00a0 \u00e9s que per tal de que puguem trobar ombres necessitem un focus de llum directe, ja sigui el sol o la llum artificial i d\u2019aqu\u00ed un altre tema interessant\u2026 l\u2019electricitat\u2026\u00a0<\/span><\/p>\n<p><span style=\"font-weight: 400\">Tamb\u00e9 hem investigat molt la llum i com podem fer-la canviar de colors!\u00a0<\/span><\/p>\n<p><span style=\"font-weight: 400\">Com podeu comprovar no parem de plantejar-nos preguntes!\u00a0<\/span><\/p>\n<p><span style=\"font-weight: 400\">Continuarem investigant!!<\/span><\/p>\n\n\t\t<style type=\"text\/css\">\n\t\t\t#gallery-1 {\n\t\t\t\tmargin: auto;\n\t\t\t}\n\t\t\t#gallery-1 .gallery-item {\n\t\t\t\tfloat: left;\n\t\t\t\tmargin-top: 10px;\n\t\t\t\ttext-align: center;\n\t\t\t\twidth: 33%;\n\t\t\t}\n\t\t\t#gallery-1 img {\n\t\t\t\tborder: 2px solid #cfcfcf;\n\t\t\t}\n\t\t\t#gallery-1 .gallery-caption {\n\t\t\t\tmargin-left: 0;\n\t\t\t}\n\t\t\t\/* see gallery_shortcode() in wp-includes\/media.php *\/\n\t\t<\/style>\n\t\t<div id='gallery-1' class='gallery galleryid-9432 gallery-columns-3 gallery-size-medium'><dl class='gallery-item'>\n\t\t\t<dt class='gallery-icon portrait'>\n\t\t\t\t<a href='https:\/\/agora.xtec.cat\/ceiprieraderibes\/portada\/raco-de-llums-i-ombres\/attachment\/20191112_155310\/'><img loading=\"lazy\" decoding=\"async\" width=\"162\" height=\"300\" src=\"https:\/\/agora.xtec.cat\/ceiprieraderibes\/wp-content\/uploads\/usu901\/2019\/11\/20191112_155310-162x300.jpg\" class=\"attachment-medium size-medium\" alt=\"\" aria-describedby=\"gallery-1-9433\" srcset=\"https:\/\/agora.xtec.cat\/ceiprieraderibes\/wp-content\/uploads\/usu901\/2019\/11\/20191112_155310-162x300.jpg 162w, https:\/\/agora.xtec.cat\/ceiprieraderibes\/wp-content\/uploads\/usu901\/2019\/11\/20191112_155310-768x1420.jpg 768w, https:\/\/agora.xtec.cat\/ceiprieraderibes\/wp-content\/uploads\/usu901\/2019\/11\/20191112_155310-554x1024.jpg 554w, https:\/\/agora.xtec.cat\/ceiprieraderibes\/wp-content\/uploads\/usu901\/2019\/11\/20191112_155310.jpg 1761w\" sizes=\"auto, (max-width: 162px) 100vw, 162px\" \/><\/a>\n\t\t\t<\/dt>\n\t\t\t\t<dd class='wp-caption-text gallery-caption' id='gallery-1-9433'>\n\t\t\t\tJuguem amb les llums\n\t\t\t\t<\/dd><\/dl><dl class='gallery-item'>\n\t\t\t<dt class='gallery-icon portrait'>\n\t\t\t\t<a href='https:\/\/agora.xtec.cat\/ceiprieraderibes\/portada\/raco-de-llums-i-ombres\/attachment\/busquem-1\/'><img loading=\"lazy\" decoding=\"async\" width=\"236\" height=\"300\" src=\"https:\/\/agora.xtec.cat\/ceiprieraderibes\/wp-content\/uploads\/usu901\/2019\/11\/busquem-1-236x300.jpg\" class=\"attachment-medium size-medium\" alt=\"\" aria-describedby=\"gallery-1-9434\" srcset=\"https:\/\/agora.xtec.cat\/ceiprieraderibes\/wp-content\/uploads\/usu901\/2019\/11\/busquem-1-236x300.jpg 236w, https:\/\/agora.xtec.cat\/ceiprieraderibes\/wp-content\/uploads\/usu901\/2019\/11\/busquem-1-768x977.jpg 768w, https:\/\/agora.xtec.cat\/ceiprieraderibes\/wp-content\/uploads\/usu901\/2019\/11\/busquem-1-805x1024.jpg 805w, https:\/\/agora.xtec.cat\/ceiprieraderibes\/wp-content\/uploads\/usu901\/2019\/11\/busquem-1.jpg 1745w\" sizes=\"auto, (max-width: 236px) 100vw, 236px\" \/><\/a>\n\t\t\t<\/dt>\n\t\t\t\t<dd class='wp-caption-text gallery-caption' id='gallery-1-9434'>\n\t\t\t\tBusquem ombres\n\t\t\t\t<\/dd><\/dl><dl class='gallery-item'>\n\t\t\t<dt class='gallery-icon landscape'>\n\t\t\t\t<a href='https:\/\/agora.xtec.cat\/ceiprieraderibes\/portada\/raco-de-llums-i-ombres\/attachment\/experiment\/'><img loading=\"lazy\" decoding=\"async\" width=\"300\" height=\"169\" src=\"https:\/\/agora.xtec.cat\/ceiprieraderibes\/wp-content\/uploads\/usu901\/2019\/11\/experiment-300x169.jpg\" class=\"attachment-medium size-medium\" alt=\"\" aria-describedby=\"gallery-1-9435\" srcset=\"https:\/\/agora.xtec.cat\/ceiprieraderibes\/wp-content\/uploads\/usu901\/2019\/11\/experiment-300x169.jpg 300w, https:\/\/agora.xtec.cat\/ceiprieraderibes\/wp-content\/uploads\/usu901\/2019\/11\/experiment-768x433.jpg 768w, https:\/\/agora.xtec.cat\/ceiprieraderibes\/wp-content\/uploads\/usu901\/2019\/11\/experiment-1024x577.jpg 1024w\" sizes=\"auto, (max-width: 300px) 100vw, 300px\" \/><\/a>\n\t\t\t<\/dt>\n\t\t\t\t<dd class='wp-caption-text gallery-caption' id='gallery-1-9435'>\n\t\t\t\tExperimentem\n\t\t\t\t<\/dd><\/dl><br style=\"clear: both\" \/>\n\t\t<\/div>\n\n<figure class=\"figure wp-caption alignleft\"><img loading=\"lazy\" decoding=\"async\" class=\"wp-image-9438\" src=\"https:\/\/agora.xtec.cat\/ceiprieraderibes\/wp-content\/uploads\/usu901\/2019\/11\/20191025_154853-1-1024x577.jpg\" alt=\"\" width=\"339\" height=\"191\" srcset=\"https:\/\/agora.xtec.cat\/ceiprieraderibes\/wp-content\/uploads\/usu901\/2019\/11\/20191025_154853-1-1024x577.jpg 1024w, https:\/\/agora.xtec.cat\/ceiprieraderibes\/wp-content\/uploads\/usu901\/2019\/11\/20191025_154853-1-300x169.jpg 300w, https:\/\/agora.xtec.cat\/ceiprieraderibes\/wp-content\/uploads\/usu901\/2019\/11\/20191025_154853-1-768x433.jpg 768w\" sizes=\"auto, (max-width: 339px) 100vw, 339px\" \/><figcaption class=\"wp-caption-text\">Constru\u00efm<\/figcaption><\/figure>\n","protected":false},"excerpt":{"rendered":"<p>Des del rac\u00f3 de \u201c\u201dLlums i ombres\u201d hem estat investigant les ombres&hellip;  <a href=\"https:\/\/agora.xtec.cat\/ceiprieraderibes\/portada\/raco-de-llums-i-ombres\/\" title=\"Read Rac\u00f3 de Llums i ombres\">Llegeix m\u00e9s\u00bb<\/a><\/p>\n","protected":false},"author":357,"featured_media":9437,"comment_status":"open","ping_status":"closed","sticky":false,"template":"","format":"standard","meta":{"_bbp_topic_count":0,"_bbp_reply_count":0,"_bbp_total_topic_count":0,"_bbp_total_reply_count":0,"_bbp_voice_count":0,"_bbp_anonymous_reply_count":0,"_bbp_topic_count_hidden":0,"_bbp_reply_count_hidden":0,"_bbp_forum_subforum_count":0,"footnotes":""},"categories":[177,196,201,4],"tags":[],"class_list":["post-9432","post","type-post","status-publish","format-standard","has-post-thumbnail","hentry","category-generacio-2014","category-generacio-2015","category-generacio-2016","category-portada"],"post_mailing_queue_ids":[],"_links":{"self":[{"href":"https:\/\/agora.xtec.cat\/ceiprieraderibes\/wp-json\/wp\/v2\/posts\/9432","targetHints":{"allow":["GET"]}}],"collection":[{"href":"https:\/\/agora.xtec.cat\/ceiprieraderibes\/wp-json\/wp\/v2\/posts"}],"about":[{"href":"https:\/\/agora.xtec.cat\/ceiprieraderibes\/wp-json\/wp\/v2\/types\/post"}],"author":[{"embeddable":true,"href":"https:\/\/agora.xtec.cat\/ceiprieraderibes\/wp-json\/wp\/v2\/users\/357"}],"replies":[{"embeddable":true,"href":"https:\/\/agora.xtec.cat\/ceiprieraderibes\/wp-json\/wp\/v2\/comments?post=9432"}],"version-history":[{"count":3,"href":"https:\/\/agora.xtec.cat\/ceiprieraderibes\/wp-json\/wp\/v2\/posts\/9432\/revisions"}],"predecessor-version":[{"id":9440,"href":"https:\/\/agora.xtec.cat\/ceiprieraderibes\/wp-json\/wp\/v2\/posts\/9432\/revisions\/9440"}],"wp:featuredmedia":[{"embeddable":true,"href":"https:\/\/agora.xtec.cat\/ceiprieraderibes\/wp-json\/wp\/v2\/media\/9437"}],"wp:attachment":[{"href":"https:\/\/agora.xtec.cat\/ceiprieraderibes\/wp-json\/wp\/v2\/media?parent=9432"}],"wp:term":[{"taxonomy":"category","embeddable":true,"href":"https:\/\/agora.xtec.cat\/ceiprieraderibes\/wp-json\/wp\/v2\/categories?post=9432"},{"taxonomy":"post_tag","embeddable":true,"href":"https:\/\/agora.xtec.cat\/ceiprieraderibes\/wp-json\/wp\/v2\/tags?post=9432"}],"curies":[{"name":"wp","href":"https:\/\/api.w.org\/{rel}","templated":true}]}}