{"id":9388,"date":"2019-09-02T16:42:38","date_gmt":"2019-09-02T14:42:38","guid":{"rendered":"http:\/\/agora.xtec.cat\/ceiprieraderibes\/?p=9388"},"modified":"2019-10-16T18:09:58","modified_gmt":"2019-10-16T16:09:58","slug":"servei-de-menjador","status":"publish","type":"post","link":"https:\/\/agora.xtec.cat\/ceiprieraderibes\/general\/servei-de-menjador\/","title":{"rendered":"SERVEI DE MENJADOR"},"content":{"rendered":"<p>Per fer les inscripcions dels serveis de menjador i d&#8217;acollida matinal pel curs 2019-2020, podeu passar per la finestra del menjador a partir del 3 fins el 12 de setembre, de 9 a 13h del mat\u00ed. Tamb\u00e9 el dia de la presentaci\u00f3 del curs el 5 de setembre a la tarda, despr\u00e8s de l\u00b4acte.<br \/>\nBon inici de curs!!!<\/p>\n<p><a href=\"https:\/\/agora.xtec.cat\/ceiprieraderibes\/wp-content\/uploads\/usu901\/2019\/09\/MENJADOR-RIERA-2019-2020-1.pdf\">MENJADOR -2019-2020\u00a0<\/a><\/p>\n<p><a href=\"https:\/\/agora.xtec.cat\/ceiprieraderibes\/wp-content\/uploads\/usu901\/2019\/09\/ACOLLIDA-MATINAL-2019-2020-RIERA-1.pdf\">ACOLLIDA MATINAL 2019-2020\u00a0<\/a><\/p>\n<p>&nbsp;<\/p>\n","protected":false},"excerpt":{"rendered":"<p>INSCRIPCIONS DEL SERVEI DE MENJADOR I D\u00b4ACOLLIDA.<br \/>\nUs hem preparat les inscripcions del servei de menjador i d\u2019acollida que gestiona l\u00b4empresa \u201cJocs i Taula\u201d&hellip;  <a href=\"https:\/\/agora.xtec.cat\/ceiprieraderibes\/general\/servei-de-menjador\/\" title=\"Read SERVEI DE MENJADOR\">Llegeix m\u00e9s\u00bb<\/a><\/p>\n","protected":false},"author":356,"featured_media":0,"comment_status":"open","ping_status":"closed","sticky":false,"template":"","format":"standard","meta":{"_bbp_topic_count":0,"_bbp_reply_count":0,"_bbp_total_topic_count":0,"_bbp_total_reply_count":0,"_bbp_voice_count":0,"_bbp_anonymous_reply_count":0,"_bbp_topic_count_hidden":0,"_bbp_reply_count_hidden":0,"_bbp_forum_subforum_count":0,"footnotes":""},"categories":[1,57],"tags":[],"class_list":["post-9388","post","type-post","status-publish","format-standard","hentry","category-general","category-menjador-jocs-taula"],"post_mailing_queue_ids":[],"_links":{"self":[{"href":"https:\/\/agora.xtec.cat\/ceiprieraderibes\/wp-json\/wp\/v2\/posts\/9388","targetHints":{"allow":["GET"]}}],"collection":[{"href":"https:\/\/agora.xtec.cat\/ceiprieraderibes\/wp-json\/wp\/v2\/posts"}],"about":[{"href":"https:\/\/agora.xtec.cat\/ceiprieraderibes\/wp-json\/wp\/v2\/types\/post"}],"author":[{"embeddable":true,"href":"https:\/\/agora.xtec.cat\/ceiprieraderibes\/wp-json\/wp\/v2\/users\/356"}],"replies":[{"embeddable":true,"href":"https:\/\/agora.xtec.cat\/ceiprieraderibes\/wp-json\/wp\/v2\/comments?post=9388"}],"version-history":[{"count":3,"href":"https:\/\/agora.xtec.cat\/ceiprieraderibes\/wp-json\/wp\/v2\/posts\/9388\/revisions"}],"predecessor-version":[{"id":9400,"href":"https:\/\/agora.xtec.cat\/ceiprieraderibes\/wp-json\/wp\/v2\/posts\/9388\/revisions\/9400"}],"wp:attachment":[{"href":"https:\/\/agora.xtec.cat\/ceiprieraderibes\/wp-json\/wp\/v2\/media?parent=9388"}],"wp:term":[{"taxonomy":"category","embeddable":true,"href":"https:\/\/agora.xtec.cat\/ceiprieraderibes\/wp-json\/wp\/v2\/categories?post=9388"},{"taxonomy":"post_tag","embeddable":true,"href":"https:\/\/agora.xtec.cat\/ceiprieraderibes\/wp-json\/wp\/v2\/tags?post=9388"}],"curies":[{"name":"wp","href":"https:\/\/api.w.org\/{rel}","templated":true}]}}