{"id":9382,"date":"2019-08-30T21:13:12","date_gmt":"2019-08-30T19:13:12","guid":{"rendered":"http:\/\/agora.xtec.cat\/ceiprieraderibes\/?p=9382"},"modified":"2019-08-30T21:16:18","modified_gmt":"2019-08-30T19:16:18","slug":"presentacio-curs-2019-2020","status":"publish","type":"post","link":"https:\/\/agora.xtec.cat\/ceiprieraderibes\/portada\/presentacio-curs-2019-2020\/","title":{"rendered":"Presentaci\u00f3 curs 2019-2020"},"content":{"rendered":"<p style=\"text-align: justify;\">Benvolgudes fam\u00edlies,<\/p>\n<p style=\"text-align: justify;\">El proper <strong>DIJOUS 5 DE SETEMBRE<\/strong> a les <strong>19hs<\/strong> es far\u00e0 la presentaci\u00f3 del nou curs a la pista de futbol de l&#8217;escola.<\/p>\n<p style=\"text-align: justify;\">Aquesta \u00e9s la primera reuni\u00f3 escola- fam\u00edlia en la qual es presentaran els diferent equips de treball i es donaran els documents per omplir d&#8217;inici de curs.<\/p>\n<p style=\"text-align: justify;\">Us hi esperem a tots i a totes!<\/p>\n","protected":false},"excerpt":{"rendered":"<p>El proper DIJOUS 5 DE SETEMBRE a les 19hs es far\u00e0 la presentaci\u00f3 del nou curs&hellip;  <a href=\"https:\/\/agora.xtec.cat\/ceiprieraderibes\/portada\/presentacio-curs-2019-2020\/\" title=\"Read Presentaci\u00f3 curs 2019-2020\">Llegeix m\u00e9s\u00bb<\/a><\/p>\n","protected":false},"author":175,"featured_media":9383,"comment_status":"open","ping_status":"closed","sticky":false,"template":"","format":"standard","meta":{"_bbp_topic_count":0,"_bbp_reply_count":0,"_bbp_total_topic_count":0,"_bbp_total_reply_count":0,"_bbp_voice_count":0,"_bbp_anonymous_reply_count":0,"_bbp_topic_count_hidden":0,"_bbp_reply_count_hidden":0,"_bbp_forum_subforum_count":0,"footnotes":""},"categories":[4],"tags":[],"class_list":["post-9382","post","type-post","status-publish","format-standard","has-post-thumbnail","hentry","category-portada"],"post_mailing_queue_ids":[],"_links":{"self":[{"href":"https:\/\/agora.xtec.cat\/ceiprieraderibes\/wp-json\/wp\/v2\/posts\/9382","targetHints":{"allow":["GET"]}}],"collection":[{"href":"https:\/\/agora.xtec.cat\/ceiprieraderibes\/wp-json\/wp\/v2\/posts"}],"about":[{"href":"https:\/\/agora.xtec.cat\/ceiprieraderibes\/wp-json\/wp\/v2\/types\/post"}],"author":[{"embeddable":true,"href":"https:\/\/agora.xtec.cat\/ceiprieraderibes\/wp-json\/wp\/v2\/users\/175"}],"replies":[{"embeddable":true,"href":"https:\/\/agora.xtec.cat\/ceiprieraderibes\/wp-json\/wp\/v2\/comments?post=9382"}],"version-history":[{"count":2,"href":"https:\/\/agora.xtec.cat\/ceiprieraderibes\/wp-json\/wp\/v2\/posts\/9382\/revisions"}],"predecessor-version":[{"id":9385,"href":"https:\/\/agora.xtec.cat\/ceiprieraderibes\/wp-json\/wp\/v2\/posts\/9382\/revisions\/9385"}],"wp:featuredmedia":[{"embeddable":true,"href":"https:\/\/agora.xtec.cat\/ceiprieraderibes\/wp-json\/wp\/v2\/media\/9383"}],"wp:attachment":[{"href":"https:\/\/agora.xtec.cat\/ceiprieraderibes\/wp-json\/wp\/v2\/media?parent=9382"}],"wp:term":[{"taxonomy":"category","embeddable":true,"href":"https:\/\/agora.xtec.cat\/ceiprieraderibes\/wp-json\/wp\/v2\/categories?post=9382"},{"taxonomy":"post_tag","embeddable":true,"href":"https:\/\/agora.xtec.cat\/ceiprieraderibes\/wp-json\/wp\/v2\/tags?post=9382"}],"curies":[{"name":"wp","href":"https:\/\/api.w.org\/{rel}","templated":true}]}}