{"id":9370,"date":"2019-07-04T10:59:03","date_gmt":"2019-07-04T08:59:03","guid":{"rendered":"http:\/\/agora.xtec.cat\/ceiprieraderibes\/?p=9370"},"modified":"2019-07-04T11:00:02","modified_gmt":"2019-07-04T09:00:02","slug":"catalunya-radio-lofici-deducar","status":"publish","type":"post","link":"https:\/\/agora.xtec.cat\/ceiprieraderibes\/portada\/catalunya-radio-lofici-deducar\/","title":{"rendered":"Catalunya R\u00e0dio: L&#8217;Ofici d&#8217;Educar"},"content":{"rendered":"<p style=\"text-align: justify;\">Al Juny, la nostra escola va participar al programa de Catalunya R\u00e0dio &#8220;L&#8217;Ofici d&#8217;Educar&#8221; explicant l&#8217;\u00fas de les noves tecnologies a les aules.<\/p>\n<p style=\"text-align: justify;\">Us deixem el link amb el programa sencer:<\/p>\n<p style=\"text-align: justify;\"><a href=\"https:\/\/www.ccma.cat\/catradio\/alacarta\/lofici-deducar\/el-gran-repte-es-afavorir-lus-critic-de-la-tecnologia-entre-lalumnat\/audio\/1042584\/\">&#8220;Recursos tecnol\u00f2gics a l&#8217;aula&#8221;<\/a><\/p>\n<p>&nbsp;<\/p>\n<h1 class=\"titol\"><\/h1>\n","protected":false},"excerpt":{"rendered":"<p>El gran repte \u00e9s afavorir l&#8217;\u00fas cr\u00edtic de la tecnologia entre l&#8217;alumnat&hellip;  <a href=\"https:\/\/agora.xtec.cat\/ceiprieraderibes\/portada\/catalunya-radio-lofici-deducar\/\" title=\"Read Catalunya R\u00e0dio: L&#8217;Ofici d&#8217;Educar\">Llegeix m\u00e9s\u00bb<\/a><\/p>\n","protected":false},"author":175,"featured_media":9371,"comment_status":"open","ping_status":"closed","sticky":false,"template":"","format":"standard","meta":{"_bbp_topic_count":0,"_bbp_reply_count":0,"_bbp_total_topic_count":0,"_bbp_total_reply_count":0,"_bbp_voice_count":0,"_bbp_anonymous_reply_count":0,"_bbp_topic_count_hidden":0,"_bbp_reply_count_hidden":0,"_bbp_forum_subforum_count":0,"footnotes":""},"categories":[4],"tags":[],"class_list":["post-9370","post","type-post","status-publish","format-standard","has-post-thumbnail","hentry","category-portada"],"post_mailing_queue_ids":[],"_links":{"self":[{"href":"https:\/\/agora.xtec.cat\/ceiprieraderibes\/wp-json\/wp\/v2\/posts\/9370","targetHints":{"allow":["GET"]}}],"collection":[{"href":"https:\/\/agora.xtec.cat\/ceiprieraderibes\/wp-json\/wp\/v2\/posts"}],"about":[{"href":"https:\/\/agora.xtec.cat\/ceiprieraderibes\/wp-json\/wp\/v2\/types\/post"}],"author":[{"embeddable":true,"href":"https:\/\/agora.xtec.cat\/ceiprieraderibes\/wp-json\/wp\/v2\/users\/175"}],"replies":[{"embeddable":true,"href":"https:\/\/agora.xtec.cat\/ceiprieraderibes\/wp-json\/wp\/v2\/comments?post=9370"}],"version-history":[{"count":2,"href":"https:\/\/agora.xtec.cat\/ceiprieraderibes\/wp-json\/wp\/v2\/posts\/9370\/revisions"}],"predecessor-version":[{"id":9373,"href":"https:\/\/agora.xtec.cat\/ceiprieraderibes\/wp-json\/wp\/v2\/posts\/9370\/revisions\/9373"}],"wp:featuredmedia":[{"embeddable":true,"href":"https:\/\/agora.xtec.cat\/ceiprieraderibes\/wp-json\/wp\/v2\/media\/9371"}],"wp:attachment":[{"href":"https:\/\/agora.xtec.cat\/ceiprieraderibes\/wp-json\/wp\/v2\/media?parent=9370"}],"wp:term":[{"taxonomy":"category","embeddable":true,"href":"https:\/\/agora.xtec.cat\/ceiprieraderibes\/wp-json\/wp\/v2\/categories?post=9370"},{"taxonomy":"post_tag","embeddable":true,"href":"https:\/\/agora.xtec.cat\/ceiprieraderibes\/wp-json\/wp\/v2\/tags?post=9370"}],"curies":[{"name":"wp","href":"https:\/\/api.w.org\/{rel}","templated":true}]}}