{"id":9289,"date":"2019-06-20T12:26:05","date_gmt":"2019-06-20T10:26:05","guid":{"rendered":"http:\/\/agora.xtec.cat\/ceiprieraderibes\/?p=9289"},"modified":"2019-07-02T10:13:28","modified_gmt":"2019-07-02T08:13:28","slug":"comunicacio-de-lendarreriment-de-lentrega-de-les-notes","status":"publish","type":"post","link":"https:\/\/agora.xtec.cat\/ceiprieraderibes\/general\/comunicacio-de-lendarreriment-de-lentrega-de-les-notes\/","title":{"rendered":"Comunicaci\u00f3 de l&#8217;endarreriment de l&#8217;entrega de les notes"},"content":{"rendered":"<p style=\"text-align: justify;\">Benvolgudes fam\u00edlies:<\/p>\n<p style=\"text-align: justify;\">Us fem arribar la informaci\u00f3 que ens ha donat el Departament d\u2019Educaci\u00f3 envers el programa Esfer@ (programa de Gesti\u00f3 Administrativa dels centres p\u00fablics).<\/p>\n<p style=\"text-align: justify;\">\u201c<em>Us comuniquem que, degut a diferents incid\u00e8ncies en el funcionament de l\u2019eina que gestiona les qualificacions i l\u2019emissi\u00f3 d\u2019informes dels alumnes dels centres educatius p\u00fablics de Catalunya, les qualificacions i els informes escolars de l\u2019alumnat no es podran lliurar fins el dijous 27 de juny de 2019\u201d <\/em><\/p>\n<p style=\"text-align: justify;\">Els podreu passar a recollir de 9:00 a 13:00h. a la secretaria de l\u2019escola.<\/p>\n<p style=\"text-align: justify;\">El Departament, us agraeix a l\u2019avan\u00e7ada la vostra comprensi\u00f3 i us desitja un bon estiu.<\/p>\n<p style=\"text-align: justify;\">Equip directiu<\/p>\n<p style=\"text-align: justify;\">Sant Pere de Ribes, 20 de juny de 2019<\/p>\n","protected":false},"excerpt":{"rendered":"<p>Benvolgudes fam\u00edlies:<br \/>\nUs fem arribar la informaci\u00f3 que ens ha donat el Departament d\u2019Educaci\u00f3 envers el programa Esfer@ (programa de Gesti\u00f3 Administrativa dels centres p\u00fablics).<br \/>\n\u201cUs comuniquem que, degut a diferents incid\u00e8ncies en el funcionament de l\u2019eina que gestiona les qualificacions i l\u2019emissi\u00f3 d\u2019informes dels alumnes dels&hellip;  <a href=\"https:\/\/agora.xtec.cat\/ceiprieraderibes\/general\/comunicacio-de-lendarreriment-de-lentrega-de-les-notes\/\" title=\"Read Comunicaci\u00f3 de l&#8217;endarreriment de l&#8217;entrega de les notes\">Llegeix m\u00e9s\u00bb<\/a><\/p>\n","protected":false},"author":175,"featured_media":0,"comment_status":"open","ping_status":"closed","sticky":false,"template":"","format":"standard","meta":{"_bbp_topic_count":0,"_bbp_reply_count":0,"_bbp_total_topic_count":0,"_bbp_total_reply_count":0,"_bbp_voice_count":0,"_bbp_anonymous_reply_count":0,"_bbp_topic_count_hidden":0,"_bbp_reply_count_hidden":0,"_bbp_forum_subforum_count":0,"footnotes":""},"categories":[1],"tags":[],"class_list":["post-9289","post","type-post","status-publish","format-standard","hentry","category-general"],"post_mailing_queue_ids":[],"_links":{"self":[{"href":"https:\/\/agora.xtec.cat\/ceiprieraderibes\/wp-json\/wp\/v2\/posts\/9289","targetHints":{"allow":["GET"]}}],"collection":[{"href":"https:\/\/agora.xtec.cat\/ceiprieraderibes\/wp-json\/wp\/v2\/posts"}],"about":[{"href":"https:\/\/agora.xtec.cat\/ceiprieraderibes\/wp-json\/wp\/v2\/types\/post"}],"author":[{"embeddable":true,"href":"https:\/\/agora.xtec.cat\/ceiprieraderibes\/wp-json\/wp\/v2\/users\/175"}],"replies":[{"embeddable":true,"href":"https:\/\/agora.xtec.cat\/ceiprieraderibes\/wp-json\/wp\/v2\/comments?post=9289"}],"version-history":[{"count":1,"href":"https:\/\/agora.xtec.cat\/ceiprieraderibes\/wp-json\/wp\/v2\/posts\/9289\/revisions"}],"predecessor-version":[{"id":9290,"href":"https:\/\/agora.xtec.cat\/ceiprieraderibes\/wp-json\/wp\/v2\/posts\/9289\/revisions\/9290"}],"wp:attachment":[{"href":"https:\/\/agora.xtec.cat\/ceiprieraderibes\/wp-json\/wp\/v2\/media?parent=9289"}],"wp:term":[{"taxonomy":"category","embeddable":true,"href":"https:\/\/agora.xtec.cat\/ceiprieraderibes\/wp-json\/wp\/v2\/categories?post=9289"},{"taxonomy":"post_tag","embeddable":true,"href":"https:\/\/agora.xtec.cat\/ceiprieraderibes\/wp-json\/wp\/v2\/tags?post=9289"}],"curies":[{"name":"wp","href":"https:\/\/api.w.org\/{rel}","templated":true}]}}