{"id":9203,"date":"2019-05-24T13:57:25","date_gmt":"2019-05-24T11:57:25","guid":{"rendered":"http:\/\/agora.xtec.cat\/ceiprieraderibes\/?p=9203"},"modified":"2019-05-24T13:58:20","modified_gmt":"2019-05-24T11:58:20","slug":"convocatoria-de-lajut-per-les-colonies-2019-2020","status":"publish","type":"post","link":"https:\/\/agora.xtec.cat\/ceiprieraderibes\/portada\/convocatoria-de-lajut-per-les-colonies-2019-2020\/","title":{"rendered":"Convocat\u00f2ria de l&#8217;ajut per les col\u00f2nies 2019\/2020"},"content":{"rendered":"<p>Benvolgudes fam\u00edlies,<\/p>\n<p>A continuaci\u00f3 us deixem la informaci\u00f3 sobre la Convocat\u00f2ria per l&#8217;ajut per les col\u00f2nies 2019\/2020.<\/p>\n<p><strong>El termini \u00e9s del 27 de maig al 6 de juny de 2019<\/strong><\/p>\n<ul>\n<li><a href=\"https:\/\/agora.xtec.cat\/ceiprieraderibes\/wp-content\/uploads\/usu901\/2019\/05\/BASES-REGULADORES-PER-A-L\u2019ATORGAMENT-DE-L\u2019AJUT-PER-COLO\u0300NIES-AMPA-RIERA-DE-RIBES-2019_2020.pdf\" target=\"_blank\" rel=\"noopener noreferrer\">BASES REGULADORES PER A L\u2019ATORGAMENT DE L\u2019AJUT PER COLO\u0300NIES AMPA RIERA DE RIBES<\/a><\/li>\n<li><a href=\"https:\/\/agora.xtec.cat\/ceiprieraderibes\/wp-content\/uploads\/usu901\/2019\/05\/SOL\u00b7LICITUD-BECA-COLONIES-RIERA-DE-RIBES.pdf\" target=\"_blank\" rel=\"noopener noreferrer\">SOL\u00b7LICITUD BECA COL\u00d2NIES RIERA DE RIBES<\/a><\/li>\n<\/ul>\n<p>Cordialment,<\/p>\n<p>AMPA<\/p>\n","protected":false},"excerpt":{"rendered":"<p>A continuaci\u00f3 us deixem la informaci\u00f3 sobre la Convocat\u00f2ria per l&#8217;ajut per les col\u00f2nies 2019\/2020.&hellip;  <a href=\"https:\/\/agora.xtec.cat\/ceiprieraderibes\/portada\/convocatoria-de-lajut-per-les-colonies-2019-2020\/\" title=\"Read Convocat\u00f2ria de l&#8217;ajut per les col\u00f2nies 2019\/2020\">Llegeix m\u00e9s\u00bb<\/a><\/p>\n","protected":false},"author":175,"featured_media":9208,"comment_status":"open","ping_status":"closed","sticky":false,"template":"","format":"standard","meta":{"_bbp_topic_count":0,"_bbp_reply_count":0,"_bbp_total_topic_count":0,"_bbp_total_reply_count":0,"_bbp_voice_count":0,"_bbp_anonymous_reply_count":0,"_bbp_topic_count_hidden":0,"_bbp_reply_count_hidden":0,"_bbp_forum_subforum_count":0,"footnotes":""},"categories":[7,4],"tags":[],"class_list":["post-9203","post","type-post","status-publish","format-standard","has-post-thumbnail","hentry","category-afa","category-portada"],"post_mailing_queue_ids":[],"_links":{"self":[{"href":"https:\/\/agora.xtec.cat\/ceiprieraderibes\/wp-json\/wp\/v2\/posts\/9203","targetHints":{"allow":["GET"]}}],"collection":[{"href":"https:\/\/agora.xtec.cat\/ceiprieraderibes\/wp-json\/wp\/v2\/posts"}],"about":[{"href":"https:\/\/agora.xtec.cat\/ceiprieraderibes\/wp-json\/wp\/v2\/types\/post"}],"author":[{"embeddable":true,"href":"https:\/\/agora.xtec.cat\/ceiprieraderibes\/wp-json\/wp\/v2\/users\/175"}],"replies":[{"embeddable":true,"href":"https:\/\/agora.xtec.cat\/ceiprieraderibes\/wp-json\/wp\/v2\/comments?post=9203"}],"version-history":[{"count":3,"href":"https:\/\/agora.xtec.cat\/ceiprieraderibes\/wp-json\/wp\/v2\/posts\/9203\/revisions"}],"predecessor-version":[{"id":9209,"href":"https:\/\/agora.xtec.cat\/ceiprieraderibes\/wp-json\/wp\/v2\/posts\/9203\/revisions\/9209"}],"wp:featuredmedia":[{"embeddable":true,"href":"https:\/\/agora.xtec.cat\/ceiprieraderibes\/wp-json\/wp\/v2\/media\/9208"}],"wp:attachment":[{"href":"https:\/\/agora.xtec.cat\/ceiprieraderibes\/wp-json\/wp\/v2\/media?parent=9203"}],"wp:term":[{"taxonomy":"category","embeddable":true,"href":"https:\/\/agora.xtec.cat\/ceiprieraderibes\/wp-json\/wp\/v2\/categories?post=9203"},{"taxonomy":"post_tag","embeddable":true,"href":"https:\/\/agora.xtec.cat\/ceiprieraderibes\/wp-json\/wp\/v2\/tags?post=9203"}],"curies":[{"name":"wp","href":"https:\/\/api.w.org\/{rel}","templated":true}]}}