{"id":8950,"date":"2019-03-06T19:07:28","date_gmt":"2019-03-06T18:07:28","guid":{"rendered":"http:\/\/agora.xtec.cat\/ceiprieraderibes\/?p=8950"},"modified":"2019-03-22T06:55:53","modified_gmt":"2019-03-22T05:55:53","slug":"vaga-divendres-8-de-marc","status":"publish","type":"post","link":"https:\/\/agora.xtec.cat\/ceiprieraderibes\/general\/vaga-divendres-8-de-marc\/","title":{"rendered":"Vaga Divendres 8 de Mar\u00e7"},"content":{"rendered":"<p style=\"text-align: justify;\">Benvolgudes fam\u00edlies:<\/p>\n<p style=\"text-align: justify;\">El proper divendres 8 de mar\u00e7 de 2019, Dia Internacional de les Dones, el 80% de la plantilla de l\u2019Escola Riera de Ribes s\u2019adhereix a la vaga convocada.<\/p>\n<p style=\"text-align: justify;\">Aquest dia no es faran classes normals ni s\u2019avan\u00e7ar\u00e0 en continguts curriculars.<\/p>\n<p style=\"text-align: justify;\">S\u2019asseguraran els serveis m\u00ednims estipulats per llei en les hores lectives.<\/p>\n<p style=\"text-align: justify;\">Respecte al servei de Jocs i Taula hi haur\u00e0 acollida i es descomptar\u00e0 el 100%, avisant amb antelaci\u00f3.<\/p>\n<p style=\"text-align: justify;\">Atentament,<\/p>\n<p style=\"text-align: justify;\">Equip de mestres<\/p>\n","protected":false},"excerpt":{"rendered":"<p>El proper divendres 8 de mar\u00e7 de 2019, Dia Internacional de les Dones&hellip;  <a href=\"https:\/\/agora.xtec.cat\/ceiprieraderibes\/general\/vaga-divendres-8-de-marc\/\" title=\"Read Vaga Divendres 8 de Mar\u00e7\">Llegeix m\u00e9s\u00bb<\/a><\/p>\n","protected":false},"author":175,"featured_media":0,"comment_status":"open","ping_status":"closed","sticky":false,"template":"","format":"standard","meta":{"_bbp_topic_count":0,"_bbp_reply_count":0,"_bbp_total_topic_count":0,"_bbp_total_reply_count":0,"_bbp_voice_count":0,"_bbp_anonymous_reply_count":0,"_bbp_topic_count_hidden":0,"_bbp_reply_count_hidden":0,"_bbp_forum_subforum_count":0,"footnotes":""},"categories":[1],"tags":[],"class_list":["post-8950","post","type-post","status-publish","format-standard","hentry","category-general"],"post_mailing_queue_ids":[],"_links":{"self":[{"href":"https:\/\/agora.xtec.cat\/ceiprieraderibes\/wp-json\/wp\/v2\/posts\/8950","targetHints":{"allow":["GET"]}}],"collection":[{"href":"https:\/\/agora.xtec.cat\/ceiprieraderibes\/wp-json\/wp\/v2\/posts"}],"about":[{"href":"https:\/\/agora.xtec.cat\/ceiprieraderibes\/wp-json\/wp\/v2\/types\/post"}],"author":[{"embeddable":true,"href":"https:\/\/agora.xtec.cat\/ceiprieraderibes\/wp-json\/wp\/v2\/users\/175"}],"replies":[{"embeddable":true,"href":"https:\/\/agora.xtec.cat\/ceiprieraderibes\/wp-json\/wp\/v2\/comments?post=8950"}],"version-history":[{"count":3,"href":"https:\/\/agora.xtec.cat\/ceiprieraderibes\/wp-json\/wp\/v2\/posts\/8950\/revisions"}],"predecessor-version":[{"id":8958,"href":"https:\/\/agora.xtec.cat\/ceiprieraderibes\/wp-json\/wp\/v2\/posts\/8950\/revisions\/8958"}],"wp:attachment":[{"href":"https:\/\/agora.xtec.cat\/ceiprieraderibes\/wp-json\/wp\/v2\/media?parent=8950"}],"wp:term":[{"taxonomy":"category","embeddable":true,"href":"https:\/\/agora.xtec.cat\/ceiprieraderibes\/wp-json\/wp\/v2\/categories?post=8950"},{"taxonomy":"post_tag","embeddable":true,"href":"https:\/\/agora.xtec.cat\/ceiprieraderibes\/wp-json\/wp\/v2\/tags?post=8950"}],"curies":[{"name":"wp","href":"https:\/\/api.w.org\/{rel}","templated":true}]}}