{"id":8804,"date":"2019-02-20T11:34:50","date_gmt":"2019-02-20T10:34:50","guid":{"rendered":"http:\/\/agora.xtec.cat\/ceiprieraderibes\/?p=8804"},"modified":"2019-03-06T09:20:51","modified_gmt":"2019-03-06T08:20:51","slug":"vaga-21-de-febrer","status":"publish","type":"post","link":"https:\/\/agora.xtec.cat\/ceiprieraderibes\/general\/vaga-21-de-febrer\/","title":{"rendered":"Servei de Menjador: Vaga 21 de febrer"},"content":{"rendered":"<p style=\"text-align: justify;\">Amb motiu de la vaga convocada el proper dia 21 de Febrer, volem informar-vos que:<\/p>\n<p style=\"text-align: justify;\">&#8211; Oferirem com a m\u00ednim, els serveis m\u00ednims estipulats per llei.<br \/>\n&#8211; No realitzarem activitats de lleure i tallers fora al pati.<br \/>\n&#8211; No hi haur\u00e0 servei d\u2019acollida.<br \/>\n&#8211; El men\u00fa ser\u00e0 el previst per aquell dia, no es modificar\u00e0.<\/p>\n<p style=\"text-align: justify;\">Es descomptar\u00e0 l\u2019import total del servei d\u2019aquest dia, amb les notificacions pr\u00e8vies 24h abans del dia de la vaga.<br \/>\nEls avisos el mateix dia de la vaga, es comptar\u00e0 com a falta justificada.<\/p>\n<p style=\"text-align: justify;\">JOCS I TAULA LLEURE I RESTAURACI\u00d3 SL<\/p>\n","protected":false},"excerpt":{"rendered":"<p>Amb motiu de la vaga convocada el proper dia 21 de Febrer , volem informar-vos&#8230;<\/p>\n<p>&hellip;  <a href=\"https:\/\/agora.xtec.cat\/ceiprieraderibes\/general\/vaga-21-de-febrer\/\" title=\"Read Servei de Menjador: Vaga 21 de febrer\">Llegeix m\u00e9s\u00bb<\/a><\/p>\n","protected":false},"author":356,"featured_media":0,"comment_status":"open","ping_status":"closed","sticky":false,"template":"","format":"standard","meta":{"_bbp_topic_count":0,"_bbp_reply_count":0,"_bbp_total_topic_count":0,"_bbp_total_reply_count":0,"_bbp_voice_count":0,"_bbp_anonymous_reply_count":0,"_bbp_topic_count_hidden":0,"_bbp_reply_count_hidden":0,"_bbp_forum_subforum_count":0,"footnotes":""},"categories":[1,57],"tags":[],"class_list":["post-8804","post","type-post","status-publish","format-standard","hentry","category-general","category-menjador-jocs-taula"],"post_mailing_queue_ids":[],"_links":{"self":[{"href":"https:\/\/agora.xtec.cat\/ceiprieraderibes\/wp-json\/wp\/v2\/posts\/8804","targetHints":{"allow":["GET"]}}],"collection":[{"href":"https:\/\/agora.xtec.cat\/ceiprieraderibes\/wp-json\/wp\/v2\/posts"}],"about":[{"href":"https:\/\/agora.xtec.cat\/ceiprieraderibes\/wp-json\/wp\/v2\/types\/post"}],"author":[{"embeddable":true,"href":"https:\/\/agora.xtec.cat\/ceiprieraderibes\/wp-json\/wp\/v2\/users\/356"}],"replies":[{"embeddable":true,"href":"https:\/\/agora.xtec.cat\/ceiprieraderibes\/wp-json\/wp\/v2\/comments?post=8804"}],"version-history":[{"count":3,"href":"https:\/\/agora.xtec.cat\/ceiprieraderibes\/wp-json\/wp\/v2\/posts\/8804\/revisions"}],"predecessor-version":[{"id":8809,"href":"https:\/\/agora.xtec.cat\/ceiprieraderibes\/wp-json\/wp\/v2\/posts\/8804\/revisions\/8809"}],"wp:attachment":[{"href":"https:\/\/agora.xtec.cat\/ceiprieraderibes\/wp-json\/wp\/v2\/media?parent=8804"}],"wp:term":[{"taxonomy":"category","embeddable":true,"href":"https:\/\/agora.xtec.cat\/ceiprieraderibes\/wp-json\/wp\/v2\/categories?post=8804"},{"taxonomy":"post_tag","embeddable":true,"href":"https:\/\/agora.xtec.cat\/ceiprieraderibes\/wp-json\/wp\/v2\/tags?post=8804"}],"curies":[{"name":"wp","href":"https:\/\/api.w.org\/{rel}","templated":true}]}}