{"id":8785,"date":"2019-02-18T17:22:14","date_gmt":"2019-02-18T16:22:14","guid":{"rendered":"http:\/\/agora.xtec.cat\/ceiprieraderibes\/?p=8785"},"modified":"2019-02-19T12:39:26","modified_gmt":"2019-02-19T11:39:26","slug":"xocolatada-solidaria","status":"publish","type":"post","link":"https:\/\/agora.xtec.cat\/ceiprieraderibes\/general\/xocolatada-solidaria\/","title":{"rendered":"Xocolatada Solid\u00e0ria"},"content":{"rendered":"<p style=\"text-align: justify;\">El dia 15 de febrer es va celebrar el Dia Internacional del C\u00e0ncer Infantil. A Sant Joan de D\u00e9u organitzen la Xocolatada Solid\u00e0ria i els nens\/es de 6\u00e8 de la Riera s\u2019han volgut adherir a aquesta iniciativa. La recaptaci\u00f3 anir\u00e0 destinada a la lluita contra el c\u00e0ncer infantil gr\u00e0cies a la col\u00b7laboraci\u00f3 de l&#8217;AMPA i JOCS i TAULA.<\/p>\n<p style=\"text-align: justify;\">Us esperem!!!<\/p>\n<p><img loading=\"lazy\" decoding=\"async\" class=\"aligncenter size-medium wp-image-8789\" src=\"https:\/\/agora.xtec.cat\/ceiprieraderibes\/wp-content\/uploads\/usu901\/2019\/02\/IMG-20190218-WA0002-204x300.jpg\" alt=\"\" width=\"204\" height=\"300\" srcset=\"https:\/\/agora.xtec.cat\/ceiprieraderibes\/wp-content\/uploads\/usu901\/2019\/02\/IMG-20190218-WA0002-204x300.jpg 204w, https:\/\/agora.xtec.cat\/ceiprieraderibes\/wp-content\/uploads\/usu901\/2019\/02\/IMG-20190218-WA0002-695x1024.jpg 695w, https:\/\/agora.xtec.cat\/ceiprieraderibes\/wp-content\/uploads\/usu901\/2019\/02\/IMG-20190218-WA0002.jpg 750w\" sizes=\"auto, (max-width: 204px) 100vw, 204px\" \/><\/p>\n","protected":false},"excerpt":{"rendered":"<p>El dia 15 de febrer es va celebrar el Dia Internacional del C\u00e0ncer Infantil. <\/p>\n<p>&hellip;  <a href=\"https:\/\/agora.xtec.cat\/ceiprieraderibes\/general\/xocolatada-solidaria\/\" title=\"Read Xocolatada Solid\u00e0ria\">Llegeix m\u00e9s\u00bb<\/a><\/p>\n","protected":false},"author":175,"featured_media":8789,"comment_status":"open","ping_status":"closed","sticky":false,"template":"","format":"standard","meta":{"_bbp_topic_count":0,"_bbp_reply_count":0,"_bbp_total_topic_count":0,"_bbp_total_reply_count":0,"_bbp_voice_count":0,"_bbp_anonymous_reply_count":0,"_bbp_topic_count_hidden":0,"_bbp_reply_count_hidden":0,"_bbp_forum_subforum_count":0,"footnotes":""},"categories":[1,4],"tags":[],"class_list":["post-8785","post","type-post","status-publish","format-standard","has-post-thumbnail","hentry","category-general","category-portada"],"post_mailing_queue_ids":[],"_links":{"self":[{"href":"https:\/\/agora.xtec.cat\/ceiprieraderibes\/wp-json\/wp\/v2\/posts\/8785","targetHints":{"allow":["GET"]}}],"collection":[{"href":"https:\/\/agora.xtec.cat\/ceiprieraderibes\/wp-json\/wp\/v2\/posts"}],"about":[{"href":"https:\/\/agora.xtec.cat\/ceiprieraderibes\/wp-json\/wp\/v2\/types\/post"}],"author":[{"embeddable":true,"href":"https:\/\/agora.xtec.cat\/ceiprieraderibes\/wp-json\/wp\/v2\/users\/175"}],"replies":[{"embeddable":true,"href":"https:\/\/agora.xtec.cat\/ceiprieraderibes\/wp-json\/wp\/v2\/comments?post=8785"}],"version-history":[{"count":4,"href":"https:\/\/agora.xtec.cat\/ceiprieraderibes\/wp-json\/wp\/v2\/posts\/8785\/revisions"}],"predecessor-version":[{"id":8796,"href":"https:\/\/agora.xtec.cat\/ceiprieraderibes\/wp-json\/wp\/v2\/posts\/8785\/revisions\/8796"}],"wp:featuredmedia":[{"embeddable":true,"href":"https:\/\/agora.xtec.cat\/ceiprieraderibes\/wp-json\/wp\/v2\/media\/8789"}],"wp:attachment":[{"href":"https:\/\/agora.xtec.cat\/ceiprieraderibes\/wp-json\/wp\/v2\/media?parent=8785"}],"wp:term":[{"taxonomy":"category","embeddable":true,"href":"https:\/\/agora.xtec.cat\/ceiprieraderibes\/wp-json\/wp\/v2\/categories?post=8785"},{"taxonomy":"post_tag","embeddable":true,"href":"https:\/\/agora.xtec.cat\/ceiprieraderibes\/wp-json\/wp\/v2\/tags?post=8785"}],"curies":[{"name":"wp","href":"https:\/\/api.w.org\/{rel}","templated":true}]}}