{"id":8749,"date":"2019-01-30T14:06:40","date_gmt":"2019-01-30T13:06:40","guid":{"rendered":"http:\/\/agora.xtec.cat\/ceiprieraderibes\/?p=8749"},"modified":"2019-01-30T22:30:51","modified_gmt":"2019-01-30T21:30:51","slug":"festa-major-2019","status":"publish","type":"post","link":"https:\/\/agora.xtec.cat\/ceiprieraderibes\/portada\/festa-major-2019\/","title":{"rendered":"Festa Major de Sant Pau 2019"},"content":{"rendered":"<p style=\"text-align: justify;\">Un grup de nens i nens de Segon Cicle van participar en la redacci\u00f3 del Preg\u00f3 de la Festa Major de Sant Pau 2019 i els van atorgar el seg\u00fcent certificat:<\/p>\n<p><a href=\"https:\/\/agora.xtec.cat\/ceiprieraderibes\/wp-content\/uploads\/usu901\/2019\/01\/PREG\u00d3-INFANTIL-SANT-PAU-2019-1.jpg\"><img loading=\"lazy\" decoding=\"async\" class=\"aligncenter wp-image-8750 size-full\" src=\"https:\/\/agora.xtec.cat\/ceiprieraderibes\/wp-content\/uploads\/usu901\/2019\/01\/PREG\u00d3-INFANTIL-SANT-PAU-2019-1.jpg\" alt=\"\" width=\"3307\" height=\"2338\" srcset=\"https:\/\/agora.xtec.cat\/ceiprieraderibes\/wp-content\/uploads\/usu901\/2019\/01\/PREG\u00d3-INFANTIL-SANT-PAU-2019-1.jpg 3307w, https:\/\/agora.xtec.cat\/ceiprieraderibes\/wp-content\/uploads\/usu901\/2019\/01\/PREG\u00d3-INFANTIL-SANT-PAU-2019-1-300x212.jpg 300w, https:\/\/agora.xtec.cat\/ceiprieraderibes\/wp-content\/uploads\/usu901\/2019\/01\/PREG\u00d3-INFANTIL-SANT-PAU-2019-1-768x543.jpg 768w, https:\/\/agora.xtec.cat\/ceiprieraderibes\/wp-content\/uploads\/usu901\/2019\/01\/PREG\u00d3-INFANTIL-SANT-PAU-2019-1-1024x724.jpg 1024w\" sizes=\"auto, (max-width: 3307px) 100vw, 3307px\" \/><\/a><\/p>\n","protected":false},"excerpt":{"rendered":"<p>Un grup de nens i nens de Segon Cicle van participar en la redacci\u00f3 del Preg\u00f3 de la Festa Major de Sant Pau 2019&hellip;  <a href=\"https:\/\/agora.xtec.cat\/ceiprieraderibes\/portada\/festa-major-2019\/\" title=\"Read Festa Major de Sant Pau 2019\">Llegeix m\u00e9s\u00bb<\/a><\/p>\n","protected":false},"author":175,"featured_media":8754,"comment_status":"open","ping_status":"closed","sticky":false,"template":"","format":"standard","meta":{"_bbp_topic_count":0,"_bbp_reply_count":0,"_bbp_total_topic_count":0,"_bbp_total_reply_count":0,"_bbp_voice_count":0,"_bbp_anonymous_reply_count":0,"_bbp_topic_count_hidden":0,"_bbp_reply_count_hidden":0,"_bbp_forum_subforum_count":0,"footnotes":""},"categories":[4],"tags":[],"class_list":["post-8749","post","type-post","status-publish","format-standard","has-post-thumbnail","hentry","category-portada"],"post_mailing_queue_ids":[],"_links":{"self":[{"href":"https:\/\/agora.xtec.cat\/ceiprieraderibes\/wp-json\/wp\/v2\/posts\/8749","targetHints":{"allow":["GET"]}}],"collection":[{"href":"https:\/\/agora.xtec.cat\/ceiprieraderibes\/wp-json\/wp\/v2\/posts"}],"about":[{"href":"https:\/\/agora.xtec.cat\/ceiprieraderibes\/wp-json\/wp\/v2\/types\/post"}],"author":[{"embeddable":true,"href":"https:\/\/agora.xtec.cat\/ceiprieraderibes\/wp-json\/wp\/v2\/users\/175"}],"replies":[{"embeddable":true,"href":"https:\/\/agora.xtec.cat\/ceiprieraderibes\/wp-json\/wp\/v2\/comments?post=8749"}],"version-history":[{"count":3,"href":"https:\/\/agora.xtec.cat\/ceiprieraderibes\/wp-json\/wp\/v2\/posts\/8749\/revisions"}],"predecessor-version":[{"id":8755,"href":"https:\/\/agora.xtec.cat\/ceiprieraderibes\/wp-json\/wp\/v2\/posts\/8749\/revisions\/8755"}],"wp:featuredmedia":[{"embeddable":true,"href":"https:\/\/agora.xtec.cat\/ceiprieraderibes\/wp-json\/wp\/v2\/media\/8754"}],"wp:attachment":[{"href":"https:\/\/agora.xtec.cat\/ceiprieraderibes\/wp-json\/wp\/v2\/media?parent=8749"}],"wp:term":[{"taxonomy":"category","embeddable":true,"href":"https:\/\/agora.xtec.cat\/ceiprieraderibes\/wp-json\/wp\/v2\/categories?post=8749"},{"taxonomy":"post_tag","embeddable":true,"href":"https:\/\/agora.xtec.cat\/ceiprieraderibes\/wp-json\/wp\/v2\/tags?post=8749"}],"curies":[{"name":"wp","href":"https:\/\/api.w.org\/{rel}","templated":true}]}}