{"id":8681,"date":"2019-02-09T18:03:43","date_gmt":"2019-02-09T17:03:43","guid":{"rendered":"http:\/\/agora.xtec.cat\/ceiprieraderibes\/?p=8681"},"modified":"2019-02-09T18:04:14","modified_gmt":"2019-02-09T17:04:14","slug":"les-colonies","status":"publish","type":"post","link":"https:\/\/agora.xtec.cat\/ceiprieraderibes\/general\/les-colonies\/","title":{"rendered":"Les col\u00f2nies"},"content":{"rendered":"<p style=\"text-align: justify;\"><span style=\"font-weight: 400;\">Benvolgudes fam\u00edlies de la Riera, ja tenim el recull de fotografies de les col\u00f2nies de tota l\u2019escola! Si voleu veure totes les fotografies de cada sortida, heu de clicar sobre la fotografia conjunta del nivell.<\/span><\/p>\n<p style=\"text-align: justify;\">Els nens i nenes de P5 vam fer les nostres primeres col\u00f2nies a La Riera! Vam anar a Viladrau, a la casa de col\u00f2nies de Mas Pujolar els dies 7, 8 i 9 de novembre.<\/p>\n<p><a href=\"https:\/\/drive.google.com\/drive\/folders\/1PQm9ZPEnqAhU_qdADUmKYodeljuGyJRJ?usp=sharing\"><img loading=\"lazy\" decoding=\"async\" class=\"alignnone wp-image-8769 size-large\" src=\"https:\/\/agora.xtec.cat\/ceiprieraderibes\/wp-content\/uploads\/usu901\/2018\/12\/ffc6cc3e-0daf-4e42-9570-c47372e19fc5-1024x768.jpg\" alt=\"\" width=\"1024\" height=\"768\" srcset=\"https:\/\/agora.xtec.cat\/ceiprieraderibes\/wp-content\/uploads\/usu901\/2018\/12\/ffc6cc3e-0daf-4e42-9570-c47372e19fc5-1024x768.jpg 1024w, https:\/\/agora.xtec.cat\/ceiprieraderibes\/wp-content\/uploads\/usu901\/2018\/12\/ffc6cc3e-0daf-4e42-9570-c47372e19fc5-300x225.jpg 300w, https:\/\/agora.xtec.cat\/ceiprieraderibes\/wp-content\/uploads\/usu901\/2018\/12\/ffc6cc3e-0daf-4e42-9570-c47372e19fc5-768x576.jpg 768w, https:\/\/agora.xtec.cat\/ceiprieraderibes\/wp-content\/uploads\/usu901\/2018\/12\/ffc6cc3e-0daf-4e42-9570-c47372e19fc5-200x150.jpg 200w, https:\/\/agora.xtec.cat\/ceiprieraderibes\/wp-content\/uploads\/usu901\/2018\/12\/ffc6cc3e-0daf-4e42-9570-c47372e19fc5.jpg 1600w\" sizes=\"auto, (max-width: 1024px) 100vw, 1024px\" \/><\/a><\/p>\n<p style=\"text-align: justify;\"><span style=\"font-weight: 400;\">Els alumnes de 1r vam anar a Cal Diable, a Pontons. Vam marxar el dia 17 i vam tornar el 19 d\u2019octubre. Si vols con\u00e8ixer el diable Banyetes, mira totes les fotos!<\/span><\/p>\n<p><a href=\"https:\/\/drive.google.com\/drive\/folders\/18oYgWSD25tvsdoYeKDFHdJAU4FsAr8PA?usp=sharing\"><img loading=\"lazy\" decoding=\"async\" class=\"alignnone size-large wp-image-8684\" src=\"https:\/\/agora.xtec.cat\/ceiprieraderibes\/wp-content\/uploads\/usu901\/2018\/12\/Col\u00f2nies-1r-1024x498.jpg\" alt=\"\" width=\"1024\" height=\"498\" srcset=\"https:\/\/agora.xtec.cat\/ceiprieraderibes\/wp-content\/uploads\/usu901\/2018\/12\/Col\u00f2nies-1r.jpg 1024w, https:\/\/agora.xtec.cat\/ceiprieraderibes\/wp-content\/uploads\/usu901\/2018\/12\/Col\u00f2nies-1r-300x146.jpg 300w, https:\/\/agora.xtec.cat\/ceiprieraderibes\/wp-content\/uploads\/usu901\/2018\/12\/Col\u00f2nies-1r-768x374.jpg 768w\" sizes=\"auto, (max-width: 1024px) 100vw, 1024px\" \/><\/a><\/p>\n<p style=\"text-align: justify;\"><span style=\"font-weight: 400;\">Els alumnes de 2n vam anar a Tamarit, a Altafulla, els dies 24, 25 i 26 d&#8217;octubre. Ens ho vam passar genial! Per veure&#8217;ns passant-ho genial, clica a sobre la foto!<\/span><\/p>\n<p><a href=\"https:\/\/drive.google.com\/drive\/folders\/1iCUE0lpbSOEbUp0by7Wyhd8LXqMfG9Xm?usp=sharing\"><img loading=\"lazy\" decoding=\"async\" class=\"alignnone size-large wp-image-8685\" src=\"https:\/\/agora.xtec.cat\/ceiprieraderibes\/wp-content\/uploads\/usu901\/2018\/12\/Col\u00f2nies-2n-1024x768.jpg\" alt=\"\" width=\"1024\" height=\"768\" srcset=\"https:\/\/agora.xtec.cat\/ceiprieraderibes\/wp-content\/uploads\/usu901\/2018\/12\/Col\u00f2nies-2n.jpg 1024w, https:\/\/agora.xtec.cat\/ceiprieraderibes\/wp-content\/uploads\/usu901\/2018\/12\/Col\u00f2nies-2n-300x225.jpg 300w, https:\/\/agora.xtec.cat\/ceiprieraderibes\/wp-content\/uploads\/usu901\/2018\/12\/Col\u00f2nies-2n-768x576.jpg 768w, https:\/\/agora.xtec.cat\/ceiprieraderibes\/wp-content\/uploads\/usu901\/2018\/12\/Col\u00f2nies-2n-200x150.jpg 200w\" sizes=\"auto, (max-width: 1024px) 100vw, 1024px\" \/><\/a><\/p>\n<p style=\"text-align: justify;\"><span style=\"font-weight: 400;\">A 3r vam anar a Centelles, a la casa de col\u00f2nies Mas Banyeres, del dimarts 9 al dijous 11 d&#8217;octubre. Aqu\u00ed teniu el nostre recull de fotos, que vagi molt b\u00e9!<\/span><\/p>\n<p><a href=\"https:\/\/drive.google.com\/drive\/folders\/1IWAKs_7LkKt8SFwF3Kl-1Y1sdbTm0_gK?usp=sharing\"><img loading=\"lazy\" decoding=\"async\" class=\"alignnone size-large wp-image-8686\" src=\"https:\/\/agora.xtec.cat\/ceiprieraderibes\/wp-content\/uploads\/usu901\/2018\/12\/Col\u00f2nies-3r-1024x768.jpg\" alt=\"\" width=\"1024\" height=\"768\" srcset=\"https:\/\/agora.xtec.cat\/ceiprieraderibes\/wp-content\/uploads\/usu901\/2018\/12\/Col\u00f2nies-3r.jpg 1024w, https:\/\/agora.xtec.cat\/ceiprieraderibes\/wp-content\/uploads\/usu901\/2018\/12\/Col\u00f2nies-3r-300x225.jpg 300w, https:\/\/agora.xtec.cat\/ceiprieraderibes\/wp-content\/uploads\/usu901\/2018\/12\/Col\u00f2nies-3r-768x576.jpg 768w, https:\/\/agora.xtec.cat\/ceiprieraderibes\/wp-content\/uploads\/usu901\/2018\/12\/Col\u00f2nies-3r-200x150.jpg 200w\" sizes=\"auto, (max-width: 1024px) 100vw, 1024px\" \/><\/a><\/p>\n<p style=\"text-align: justify;\">Els nens i nenes de 4t vam anar a Besal\u00fa, a Mas Girc\u00f2s. Som els \u00faltims que hem marxat, del 14 al 16 de novembre. Aqu\u00ed teniu les fotografies!<\/p>\n<p><a href=\"https:\/\/drive.google.com\/open?id=14okfhi5uiXYpGL3F-sQ5P3ebftDoUtl1\"><img loading=\"lazy\" decoding=\"async\" class=\"alignnone size-large wp-image-8682\" src=\"https:\/\/agora.xtec.cat\/ceiprieraderibes\/wp-content\/uploads\/usu901\/2018\/12\/Col\u00f2nies-4t-1024x768.jpg\" alt=\"\" width=\"1024\" height=\"768\" srcset=\"https:\/\/agora.xtec.cat\/ceiprieraderibes\/wp-content\/uploads\/usu901\/2018\/12\/Col\u00f2nies-4t.jpg 1024w, https:\/\/agora.xtec.cat\/ceiprieraderibes\/wp-content\/uploads\/usu901\/2018\/12\/Col\u00f2nies-4t-300x225.jpg 300w, https:\/\/agora.xtec.cat\/ceiprieraderibes\/wp-content\/uploads\/usu901\/2018\/12\/Col\u00f2nies-4t-768x576.jpg 768w, https:\/\/agora.xtec.cat\/ceiprieraderibes\/wp-content\/uploads\/usu901\/2018\/12\/Col\u00f2nies-4t-200x150.jpg 200w\" sizes=\"auto, (max-width: 1024px) 100vw, 1024px\" \/><\/a><\/p>\n<p style=\"text-align: justify;\">Els de 5\u00e8, en canvi, vam ser els primers a marxar! Nom\u00e9s hav\u00edem fet tres setmanes d&#8217;escola quan vam marxar al Poble Nou del Delta, a ca l&#8217;Amadeu. Mireu com ens remullem!<\/p>\n<p><a href=\"https:\/\/drive.google.com\/open?id=1GGupg5UbKLbUIr3Iq7-YstD9nSbSl-_d\"><img loading=\"lazy\" decoding=\"async\" class=\"alignnone size-large wp-image-8683\" src=\"https:\/\/agora.xtec.cat\/ceiprieraderibes\/wp-content\/uploads\/usu901\/2018\/12\/Col\u00f2nies-5\u00e8-576x1024.jpg\" alt=\"\" width=\"576\" height=\"1024\" srcset=\"https:\/\/agora.xtec.cat\/ceiprieraderibes\/wp-content\/uploads\/usu901\/2018\/12\/Col\u00f2nies-5\u00e8.jpg 576w, https:\/\/agora.xtec.cat\/ceiprieraderibes\/wp-content\/uploads\/usu901\/2018\/12\/Col\u00f2nies-5\u00e8-169x300.jpg 169w\" sizes=\"auto, (max-width: 576px) 100vw, 576px\" \/><\/a><\/p>\n","protected":false},"excerpt":{"rendered":"<p>Recull de Foto de les Col\u00f2nies 2018-2019&hellip;  <a href=\"https:\/\/agora.xtec.cat\/ceiprieraderibes\/general\/les-colonies\/\" title=\"Read Les col\u00f2nies\">Llegeix m\u00e9s\u00bb<\/a><\/p>\n","protected":false},"author":1,"featured_media":8772,"comment_status":"open","ping_status":"closed","sticky":false,"template":"","format":"standard","meta":{"_bbp_topic_count":0,"_bbp_reply_count":0,"_bbp_total_topic_count":0,"_bbp_total_reply_count":0,"_bbp_voice_count":0,"_bbp_anonymous_reply_count":0,"_bbp_topic_count_hidden":0,"_bbp_reply_count_hidden":0,"_bbp_forum_subforum_count":0,"footnotes":""},"categories":[51,50,49,48,47,157,1,4],"tags":[],"class_list":["post-8681","post","type-post","status-publish","format-standard","has-post-thumbnail","hentry","category-generacio-2008","category-generacio-2009","category-generacio-2010","category-generacio-2011","category-generacio-2012","category-generacio-2013","category-general","category-portada"],"post_mailing_queue_ids":[],"_links":{"self":[{"href":"https:\/\/agora.xtec.cat\/ceiprieraderibes\/wp-json\/wp\/v2\/posts\/8681","targetHints":{"allow":["GET"]}}],"collection":[{"href":"https:\/\/agora.xtec.cat\/ceiprieraderibes\/wp-json\/wp\/v2\/posts"}],"about":[{"href":"https:\/\/agora.xtec.cat\/ceiprieraderibes\/wp-json\/wp\/v2\/types\/post"}],"author":[{"embeddable":true,"href":"https:\/\/agora.xtec.cat\/ceiprieraderibes\/wp-json\/wp\/v2\/users\/1"}],"replies":[{"embeddable":true,"href":"https:\/\/agora.xtec.cat\/ceiprieraderibes\/wp-json\/wp\/v2\/comments?post=8681"}],"version-history":[{"count":3,"href":"https:\/\/agora.xtec.cat\/ceiprieraderibes\/wp-json\/wp\/v2\/posts\/8681\/revisions"}],"predecessor-version":[{"id":8773,"href":"https:\/\/agora.xtec.cat\/ceiprieraderibes\/wp-json\/wp\/v2\/posts\/8681\/revisions\/8773"}],"wp:featuredmedia":[{"embeddable":true,"href":"https:\/\/agora.xtec.cat\/ceiprieraderibes\/wp-json\/wp\/v2\/media\/8772"}],"wp:attachment":[{"href":"https:\/\/agora.xtec.cat\/ceiprieraderibes\/wp-json\/wp\/v2\/media?parent=8681"}],"wp:term":[{"taxonomy":"category","embeddable":true,"href":"https:\/\/agora.xtec.cat\/ceiprieraderibes\/wp-json\/wp\/v2\/categories?post=8681"},{"taxonomy":"post_tag","embeddable":true,"href":"https:\/\/agora.xtec.cat\/ceiprieraderibes\/wp-json\/wp\/v2\/tags?post=8681"}],"curies":[{"name":"wp","href":"https:\/\/api.w.org\/{rel}","templated":true}]}}