{"id":8118,"date":"2018-06-17T22:57:01","date_gmt":"2018-06-17T20:57:01","guid":{"rendered":"http:\/\/agora.xtec.cat\/ceiprieraderibes\/?p=8118"},"modified":"2020-06-30T09:35:29","modified_gmt":"2020-06-30T07:35:29","slug":"espai-ampa-2","status":"publish","type":"post","link":"https:\/\/agora.xtec.cat\/ceiprieraderibes\/afa\/espai-ampa-2\/","title":{"rendered":"ESPAI AMPA"},"content":{"rendered":"<p style=\"text-align: justify;\">Benvolgudes\u00a0fam\u00edlies,<\/p>\n<p style=\"text-align: justify;\">Despr\u00e9s del dia 5 de juny i un enriquidor debat, on no vam ser m\u00e9s de 15 persones, es van oferir 6 fam\u00edlies per engrescar alg\u00fa m\u00e9s i consolidar una AMPA que pugui realitzar totes les tasques pr\u00f2pies d\u2019una Associaci\u00f3 de Mares i Pares \u201cnormal\u201d.<\/p>\n<p style=\"text-align: justify;\">Per qu\u00e8 dic \u201cnormal\u201d? \u00a0perqu\u00e8 la junta actual ens vam presentar per salvar una situaci\u00f3 cr\u00edtica ja fa dos cursos,\u00a0 anomenant-nos: Junta Gestora.<\/p>\n<p style=\"text-align: justify;\">Aix\u00f2 volia dir que nom\u00e9s est\u00e0vem al capdavant de l&#8217;associaci\u00f3 per un temps molt curt.\u00a0 Vam\u00a0convocar unes eleccions on no es va presentar ning\u00fa, amb la qual cosa vam haver de presentar la nostra candidatura, un altre cop per salvar la situaci\u00f3.<\/p>\n<p style=\"text-align: justify;\">Hem gestionat l\u2019associaci\u00f3 com vam explicar a l&#8217;assemblea i en aquests moments tots els temes legals estan sota control.<\/p>\n<p style=\"text-align: justify;\">Amb aix\u00f2, alguns membres de l\u2019actual junta gestora continuarem en la <u>nova junta<\/u> \u00a0en diferents c\u00e0rrecs o \u00e0mbits. I durant aquest estiu, a mesura que la <u>nova junta<\/u> es vagi formant, anirem fent el relleu progressiu dels c\u00e0rrecs de responsabilitat.<\/p>\n<p style=\"text-align: justify;\">Esperem que les fam\u00edlies que ho desitgeu, pugeu afegir-vos a la nova junta per aportar el vostre granet de sorra i tenir una AMPA com es mereix aquesta escola. Penseu que es pot aportar des de moltes vessants i no cal disposar de molt de temps, nom\u00e9s tenir ganes <strong>d\u2019aportar en positiu.<\/strong><\/p>\n<p style=\"text-align: justify;\">Gr\u00e0cies fam\u00edlies per la vostra comprensi\u00f3!<\/p>\n<p style=\"text-align: right;\">Atentament,<\/p>\n<p style=\"text-align: right;\">Kay\u00a0 Vidal Larsson.<\/p>\n<p style=\"text-align: right;\">President de l\u2019AMPA.<\/p>\n","protected":false},"excerpt":{"rendered":"<p>Nota del president de l\u2019AMPA&hellip;  <a href=\"https:\/\/agora.xtec.cat\/ceiprieraderibes\/afa\/espai-ampa-2\/\" title=\"Read ESPAI AMPA\">Llegeix m\u00e9s\u00bb<\/a><\/p>\n","protected":false},"author":175,"featured_media":0,"comment_status":"open","ping_status":"closed","sticky":false,"template":"","format":"standard","meta":{"_bbp_topic_count":0,"_bbp_reply_count":0,"_bbp_total_topic_count":0,"_bbp_total_reply_count":0,"_bbp_voice_count":0,"_bbp_anonymous_reply_count":0,"_bbp_topic_count_hidden":0,"_bbp_reply_count_hidden":0,"_bbp_forum_subforum_count":0,"footnotes":""},"categories":[7,194],"tags":[],"class_list":["post-8118","post","type-post","status-publish","format-standard","hentry","category-afa","category-una-escola-per-a-tothom-8"],"post_mailing_queue_ids":[],"_links":{"self":[{"href":"https:\/\/agora.xtec.cat\/ceiprieraderibes\/wp-json\/wp\/v2\/posts\/8118","targetHints":{"allow":["GET"]}}],"collection":[{"href":"https:\/\/agora.xtec.cat\/ceiprieraderibes\/wp-json\/wp\/v2\/posts"}],"about":[{"href":"https:\/\/agora.xtec.cat\/ceiprieraderibes\/wp-json\/wp\/v2\/types\/post"}],"author":[{"embeddable":true,"href":"https:\/\/agora.xtec.cat\/ceiprieraderibes\/wp-json\/wp\/v2\/users\/175"}],"replies":[{"embeddable":true,"href":"https:\/\/agora.xtec.cat\/ceiprieraderibes\/wp-json\/wp\/v2\/comments?post=8118"}],"version-history":[{"count":3,"href":"https:\/\/agora.xtec.cat\/ceiprieraderibes\/wp-json\/wp\/v2\/posts\/8118\/revisions"}],"predecessor-version":[{"id":8139,"href":"https:\/\/agora.xtec.cat\/ceiprieraderibes\/wp-json\/wp\/v2\/posts\/8118\/revisions\/8139"}],"wp:attachment":[{"href":"https:\/\/agora.xtec.cat\/ceiprieraderibes\/wp-json\/wp\/v2\/media?parent=8118"}],"wp:term":[{"taxonomy":"category","embeddable":true,"href":"https:\/\/agora.xtec.cat\/ceiprieraderibes\/wp-json\/wp\/v2\/categories?post=8118"},{"taxonomy":"post_tag","embeddable":true,"href":"https:\/\/agora.xtec.cat\/ceiprieraderibes\/wp-json\/wp\/v2\/tags?post=8118"}],"curies":[{"name":"wp","href":"https:\/\/api.w.org\/{rel}","templated":true}]}}