{"id":8115,"date":"2018-06-17T22:56:36","date_gmt":"2018-06-17T20:56:36","guid":{"rendered":"http:\/\/agora.xtec.cat\/ceiprieraderibes\/?p=8115"},"modified":"2020-06-30T09:36:11","modified_gmt":"2020-06-30T07:36:11","slug":"espai-menjador-3","status":"publish","type":"post","link":"https:\/\/agora.xtec.cat\/ceiprieraderibes\/menjador-jocs-taula\/espai-menjador-3\/","title":{"rendered":"ESPAI MENJADOR"},"content":{"rendered":"<p style=\"text-align: justify;\"><span style=\"text-decoration: underline;\"><strong>SETMANA DEL JOC<\/strong><\/span><\/p>\n<p style=\"text-align: justify;\">Durant la setmana del 21 al 28 de maig, els nens i nenes van tenir l&#8217;oportunitat de participar en diferents jocs organitzats pels monitors: saltar a corda, salt de llargada, llan\u00e7ament, gimcana de patins, obstacles i per finalitzar la marat\u00f3 (activitat molt demanada pels nens). Els infants de <span class=\"hiddenspellerror\">P4<\/span> fins a 3r van dissenyar unes medalles i \u00a0els m\u00e9s grans es van fer les copes i les torxes.<\/p>\n<p style=\"text-align: justify;\"><a href=\"http:\/\/agora.xtec.cat\/ceiprieraderibes\/wp-content\/uploads\/usu901\/2018\/06\/menjador.jpg\"><br \/>\n<img loading=\"lazy\" decoding=\"async\" class=\"aligncenter wp-image-8116\" src=\"http:\/\/agora.xtec.cat\/ceiprieraderibes\/wp-content\/uploads\/usu901\/2018\/06\/menjador.jpg\" alt=\"\" width=\"233\" height=\"310\" srcset=\"https:\/\/agora.xtec.cat\/ceiprieraderibes\/wp-content\/uploads\/usu901\/2018\/06\/menjador.jpg 476w, https:\/\/agora.xtec.cat\/ceiprieraderibes\/wp-content\/uploads\/usu901\/2018\/06\/menjador-225x300.jpg 225w\" sizes=\"auto, (max-width: 233px) 100vw, 233px\" \/><\/a><\/p>\n<p style=\"text-align: justify;\"><strong><u>INSCRIPCIONS AL SERVEI DE MENJADOR I ACOLLIDES 2017-2018<\/u><\/strong><\/p>\n<p>Per les inscripcions dels serveis de menjador i d\u00b4acollides pel proper curs, podeu passar per la finestra del menjador \u00a0del \u00a01 de juny fins el 22 de juny i tamb\u00e9 el setembre a partir del dia 3, de 9 a 13h del mat\u00ed. Tamb\u00e9 el dia de la presentaci\u00f3 de l&#8217;escola del curs 2018-2019, despr\u00e9s de l&#8217;acte. Podeu trobar el full d\u00b4inscripci\u00f3 a la web de l\u00b4escola dins l\u00b4espai de Jocs i Taula.<\/p>\n<p style=\"text-align: justify;\"><strong><u>REUNI\u00d3 DE FAM\u00cdLIES<\/u><\/strong><\/p>\n<p style=\"text-align: justify;\">El dimarts dia 4 de setembre a les 18:30h es far\u00e0 una reuni\u00f3 informativa del servei de menjador, per a totes les fam\u00edlies de l&#8217;escola que hi vulguin assistir. Jocs i Taula informar\u00e0 sobre el funcionament i l&#8217;organitzaci\u00f3 de l&#8217;estona del migdia a l&#8217;escola. Es far\u00e0 a la biblioteca<\/p>\n<p style=\"text-align: justify;\">Agra\u00efm la confian\u00e7a que dipositeu cada dia amb nosaltres, deixant que cuidem dels vostres fill\/es durant l\u00b4hora del menjador i acollida.<\/p>\n<p style=\"text-align: justify;\">Moltes gr\u00e0cies i bones vacances!!!<\/p>\n","protected":false},"excerpt":{"rendered":"<p>Inscripcions i reuni\u00f3 families.&hellip;  <a href=\"https:\/\/agora.xtec.cat\/ceiprieraderibes\/menjador-jocs-taula\/espai-menjador-3\/\" title=\"Read ESPAI MENJADOR\">Llegeix m\u00e9s\u00bb<\/a><\/p>\n","protected":false},"author":175,"featured_media":8116,"comment_status":"open","ping_status":"closed","sticky":false,"template":"","format":"standard","meta":{"_bbp_topic_count":0,"_bbp_reply_count":0,"_bbp_total_topic_count":0,"_bbp_total_reply_count":0,"_bbp_voice_count":0,"_bbp_anonymous_reply_count":0,"_bbp_topic_count_hidden":0,"_bbp_reply_count_hidden":0,"_bbp_forum_subforum_count":0,"footnotes":""},"categories":[57,194],"tags":[],"class_list":["post-8115","post","type-post","status-publish","format-standard","has-post-thumbnail","hentry","category-menjador-jocs-taula","category-una-escola-per-a-tothom-8"],"post_mailing_queue_ids":[],"_links":{"self":[{"href":"https:\/\/agora.xtec.cat\/ceiprieraderibes\/wp-json\/wp\/v2\/posts\/8115","targetHints":{"allow":["GET"]}}],"collection":[{"href":"https:\/\/agora.xtec.cat\/ceiprieraderibes\/wp-json\/wp\/v2\/posts"}],"about":[{"href":"https:\/\/agora.xtec.cat\/ceiprieraderibes\/wp-json\/wp\/v2\/types\/post"}],"author":[{"embeddable":true,"href":"https:\/\/agora.xtec.cat\/ceiprieraderibes\/wp-json\/wp\/v2\/users\/175"}],"replies":[{"embeddable":true,"href":"https:\/\/agora.xtec.cat\/ceiprieraderibes\/wp-json\/wp\/v2\/comments?post=8115"}],"version-history":[{"count":3,"href":"https:\/\/agora.xtec.cat\/ceiprieraderibes\/wp-json\/wp\/v2\/posts\/8115\/revisions"}],"predecessor-version":[{"id":8174,"href":"https:\/\/agora.xtec.cat\/ceiprieraderibes\/wp-json\/wp\/v2\/posts\/8115\/revisions\/8174"}],"wp:featuredmedia":[{"embeddable":true,"href":"https:\/\/agora.xtec.cat\/ceiprieraderibes\/wp-json\/wp\/v2\/media\/8116"}],"wp:attachment":[{"href":"https:\/\/agora.xtec.cat\/ceiprieraderibes\/wp-json\/wp\/v2\/media?parent=8115"}],"wp:term":[{"taxonomy":"category","embeddable":true,"href":"https:\/\/agora.xtec.cat\/ceiprieraderibes\/wp-json\/wp\/v2\/categories?post=8115"},{"taxonomy":"post_tag","embeddable":true,"href":"https:\/\/agora.xtec.cat\/ceiprieraderibes\/wp-json\/wp\/v2\/tags?post=8115"}],"curies":[{"name":"wp","href":"https:\/\/api.w.org\/{rel}","templated":true}]}}