{"id":8022,"date":"2018-06-19T23:16:34","date_gmt":"2018-06-19T21:16:34","guid":{"rendered":"http:\/\/agora.xtec.cat\/ceiprieraderibes\/?p=8022"},"modified":"2020-06-30T09:26:46","modified_gmt":"2020-06-30T07:26:46","slug":"una-escola-que-millora-es-una-escola-que-apren-dansa-ara-3r-generacio-2009","status":"publish","type":"post","link":"https:\/\/agora.xtec.cat\/ceiprieraderibes\/generacio-2009\/una-escola-que-millora-es-una-escola-que-apren-dansa-ara-3r-generacio-2009\/","title":{"rendered":"UNA ESCOLA QUE MILLORA \u00c9S UNA ESCOLA QUE APR\u00c8N \u2026 DANSA ARA- 3r Generaci\u00f3 2009"},"content":{"rendered":"<p style=\"text-align: justify;\">El passat 12 d\u2019abril l\u2019alumnat de tercer va participar a l\u2019espectacle <strong><em>Dansa Ara<\/em><\/strong>. La representaci\u00f3 es va fer al pavell\u00f3 municipal de Roquetes, juntament amb les altres escoles del municipi. Va ser tot un \u00e8xit i l\u2019alumnat va gaudir molt!<\/p>\n<p style=\"text-align: justify;\">En el v\u00eddeo us mostrem un petit tastet del qu\u00e8 es va viure el dia 12, aix\u00ed com tamb\u00e9 una de les representacions que es van fer a l\u2019escola per a l\u2019alumnat d\u2019infantil i segon cicle.<\/p>\n<p><iframe loading=\"lazy\" title=\"DANSA ARA Generaci\u00f3 2009- curs 2017\/2018\" src=\"https:\/\/player.vimeo.com\/video\/274571554?dnt=1&amp;app_id=122963\" width=\"500\" height=\"281\" frameborder=\"0\" allow=\"autoplay; fullscreen; picture-in-picture; clipboard-write\"><\/iframe><\/p>\n","protected":false},"excerpt":{"rendered":"<p>L\u2019alumnat de tercer va participar a l\u2019espectacle Dansa Ara.&hellip;  <a href=\"https:\/\/agora.xtec.cat\/ceiprieraderibes\/generacio-2009\/una-escola-que-millora-es-una-escola-que-apren-dansa-ara-3r-generacio-2009\/\" title=\"Read UNA ESCOLA QUE MILLORA \u00c9S UNA ESCOLA QUE APR\u00c8N \u2026 DANSA ARA- 3r Generaci\u00f3 2009\">Llegeix m\u00e9s\u00bb<\/a><\/p>\n","protected":false},"author":175,"featured_media":8023,"comment_status":"open","ping_status":"closed","sticky":false,"template":"","format":"standard","meta":{"_bbp_topic_count":0,"_bbp_reply_count":0,"_bbp_total_topic_count":0,"_bbp_total_reply_count":0,"_bbp_voice_count":0,"_bbp_anonymous_reply_count":0,"_bbp_topic_count_hidden":0,"_bbp_reply_count_hidden":0,"_bbp_forum_subforum_count":0,"footnotes":""},"categories":[50,194],"tags":[],"class_list":["post-8022","post","type-post","status-publish","format-standard","has-post-thumbnail","hentry","category-generacio-2009","category-una-escola-per-a-tothom-8"],"post_mailing_queue_ids":[],"_links":{"self":[{"href":"https:\/\/agora.xtec.cat\/ceiprieraderibes\/wp-json\/wp\/v2\/posts\/8022","targetHints":{"allow":["GET"]}}],"collection":[{"href":"https:\/\/agora.xtec.cat\/ceiprieraderibes\/wp-json\/wp\/v2\/posts"}],"about":[{"href":"https:\/\/agora.xtec.cat\/ceiprieraderibes\/wp-json\/wp\/v2\/types\/post"}],"author":[{"embeddable":true,"href":"https:\/\/agora.xtec.cat\/ceiprieraderibes\/wp-json\/wp\/v2\/users\/175"}],"replies":[{"embeddable":true,"href":"https:\/\/agora.xtec.cat\/ceiprieraderibes\/wp-json\/wp\/v2\/comments?post=8022"}],"version-history":[{"count":3,"href":"https:\/\/agora.xtec.cat\/ceiprieraderibes\/wp-json\/wp\/v2\/posts\/8022\/revisions"}],"predecessor-version":[{"id":8146,"href":"https:\/\/agora.xtec.cat\/ceiprieraderibes\/wp-json\/wp\/v2\/posts\/8022\/revisions\/8146"}],"wp:featuredmedia":[{"embeddable":true,"href":"https:\/\/agora.xtec.cat\/ceiprieraderibes\/wp-json\/wp\/v2\/media\/8023"}],"wp:attachment":[{"href":"https:\/\/agora.xtec.cat\/ceiprieraderibes\/wp-json\/wp\/v2\/media?parent=8022"}],"wp:term":[{"taxonomy":"category","embeddable":true,"href":"https:\/\/agora.xtec.cat\/ceiprieraderibes\/wp-json\/wp\/v2\/categories?post=8022"},{"taxonomy":"post_tag","embeddable":true,"href":"https:\/\/agora.xtec.cat\/ceiprieraderibes\/wp-json\/wp\/v2\/tags?post=8022"}],"curies":[{"name":"wp","href":"https:\/\/api.w.org\/{rel}","templated":true}]}}