{"id":7786,"date":"2018-03-19T13:30:40","date_gmt":"2018-03-19T12:30:40","guid":{"rendered":"http:\/\/agora.xtec.cat\/ceiprieraderibes\/?p=7786"},"modified":"2018-06-11T22:32:44","modified_gmt":"2018-06-11T20:32:44","slug":"moments-per-parla-de-lescola-2","status":"publish","type":"post","link":"https:\/\/agora.xtec.cat\/ceiprieraderibes\/portada\/moments-per-parla-de-lescola-2\/","title":{"rendered":"Moments per Parlar de L\u2019Escola"},"content":{"rendered":"<p>Us deixem diferents articles de les expertes que van venir a l&#8217;escola:<\/p>\n<p><a href=\"http:\/\/agora.xtec.cat\/ceiprieraderibes\/wp-content\/uploads\/usu901\/2018\/03\/normes-i-l\u00edmits-gui\u00f3-conf-Riera-de-Ribes-2018-Eva-BAch.pdf\"><em>Normes i L\u00edmits (Gu\u00eda Confer\u00e8ncia)- Eva Bach<\/em><\/a><\/p>\n<p><em><a href=\"http:\/\/agora.xtec.cat\/ceiprieraderibes\/wp-content\/uploads\/usu901\/2018\/03\/normes-i-l\u00edmits-dossier-confv4.pdf\">Normes i\u00a0 L\u00edmits:\u00a0El repte d\u2019educar amb tendresa i fermesa- Eva Bach<\/a><\/em><\/p>\n<p><a href=\"http:\/\/agora.xtec.cat\/ceiprieraderibes\/wp-content\/uploads\/usu901\/2018\/03\/normes-i-l\u00edmits-recull-flors-de-Bach-i-decaleg.pdf\"><em>Normes i L\u00edmits als Fills\/ Filles- Eva Bach<\/em><\/a><\/p>\n<p><a href=\"http:\/\/agora.xtec.cat\/ceiprieraderibes\/wp-content\/uploads\/usu901\/2018\/03\/Les-noves-tecnologies.pdf\"><em>Les Noves Tecnologies en Nens i Adolescents-\u00a0 Maria Lleras de Frutos<\/em><\/a><\/p>\n","protected":false},"excerpt":{"rendered":"<p>Us deixem diferents articles de les expertes que van venir a l&#8217;escola:<br \/>\n<a href=\"http:\/\/agora.xtec.cat\/ceiprieraderibes\/wp-content\/uploads\/usu901\/2018\/03\/normes-i-l\u00edmits-gui\u00f3-conf-Riera-de-Ribes-2018-Eva-BAch.pdf\">Normes i L\u00edmits (Gu\u00eda Confer\u00e8ncia)- Eva Bach<\/a><br \/>\n<a href=\"http:\/\/agora.xtec.cat\/ceiprieraderibes\/wp-content\/uploads\/usu901\/2018\/03\/normes-i-l\u00edmits-dossier-confv4.pdf\">Normes i\u00a0 L\u00edmits:\u00a0El repte d\u2019educar amb tendresa i fermesa- Eva Bach<\/a><br \/>\n<a href=\"http:\/\/agora.xtec.cat\/ceiprieraderibes\/wp-content\/uploads\/usu901\/2018\/03\/normes-i-l\u00edmits-recull-flors-de-Bach-i-decaleg.pdf\">Normes i L\u00edmits als Fills\/ Filles- Eva Bach<\/a><br \/>\n<a href=\"http:\/\/agora.xtec.cat\/ceiprieraderibes\/wp-content\/uploads\/usu901\/2018\/03\/Les-noves-tecnologies.pdf\">Les Noves Tecnologies en Nens i Adolescents-\u00a0&hellip;  <a href=\"https:\/\/agora.xtec.cat\/ceiprieraderibes\/portada\/moments-per-parla-de-lescola-2\/\" title=\"Read Moments per Parlar de L\u2019Escola\">Llegeix m\u00e9s\u00bb<\/a><\/p>\n","protected":false},"author":175,"featured_media":0,"comment_status":"open","ping_status":"closed","sticky":false,"template":"","format":"standard","meta":{"_bbp_topic_count":0,"_bbp_reply_count":0,"_bbp_total_topic_count":0,"_bbp_total_reply_count":0,"_bbp_voice_count":0,"_bbp_anonymous_reply_count":0,"_bbp_topic_count_hidden":0,"_bbp_reply_count_hidden":0,"_bbp_forum_subforum_count":0,"footnotes":""},"categories":[4],"tags":[],"class_list":["post-7786","post","type-post","status-publish","format-standard","hentry","category-portada"],"post_mailing_queue_ids":[],"_links":{"self":[{"href":"https:\/\/agora.xtec.cat\/ceiprieraderibes\/wp-json\/wp\/v2\/posts\/7786","targetHints":{"allow":["GET"]}}],"collection":[{"href":"https:\/\/agora.xtec.cat\/ceiprieraderibes\/wp-json\/wp\/v2\/posts"}],"about":[{"href":"https:\/\/agora.xtec.cat\/ceiprieraderibes\/wp-json\/wp\/v2\/types\/post"}],"author":[{"embeddable":true,"href":"https:\/\/agora.xtec.cat\/ceiprieraderibes\/wp-json\/wp\/v2\/users\/175"}],"replies":[{"embeddable":true,"href":"https:\/\/agora.xtec.cat\/ceiprieraderibes\/wp-json\/wp\/v2\/comments?post=7786"}],"version-history":[{"count":3,"href":"https:\/\/agora.xtec.cat\/ceiprieraderibes\/wp-json\/wp\/v2\/posts\/7786\/revisions"}],"predecessor-version":[{"id":8012,"href":"https:\/\/agora.xtec.cat\/ceiprieraderibes\/wp-json\/wp\/v2\/posts\/7786\/revisions\/8012"}],"wp:attachment":[{"href":"https:\/\/agora.xtec.cat\/ceiprieraderibes\/wp-json\/wp\/v2\/media?parent=7786"}],"wp:term":[{"taxonomy":"category","embeddable":true,"href":"https:\/\/agora.xtec.cat\/ceiprieraderibes\/wp-json\/wp\/v2\/categories?post=7786"},{"taxonomy":"post_tag","embeddable":true,"href":"https:\/\/agora.xtec.cat\/ceiprieraderibes\/wp-json\/wp\/v2\/tags?post=7786"}],"curies":[{"name":"wp","href":"https:\/\/api.w.org\/{rel}","templated":true}]}}